{"id":1,"date":"2022-11-03T19:52:26","date_gmt":"2022-11-03T19:52:26","guid":{"rendered":"https:\/\/ciidgt.org\/catarsis\/?p=1"},"modified":"2023-01-05T15:22:06","modified_gmt":"2023-01-05T15:22:06","slug":"hello-world","status":"publish","type":"post","link":"https:\/\/ciidgt.org\/catarsis\/hello-world\/","title":{"rendered":"La ley de la selva"},"content":{"rendered":"\n<p>El discurso que desde el poder se pretende dar, es de respeto absoluto de la ley. Es como un eslogan pre fabricado que se utiliza en cualquier ocasi\u00f3n, ya sea en un discurso en Naciones Unidas o en una entrevista de radio, los argumentos pol\u00edticos se sustituyen por referencias a Dios, la justicia y la ley. As\u00ed el pa\u00eds marcha divinamente.<\/p>\n\n\n\n<p>Pero los hechos desmienten con creces esa pretensi\u00f3n. Aqu\u00ed nadie cumple con la Ley. Menos los que son parte del sistema de justicia. &nbsp;M\u00e1s bien, algunos pillos, por decirlo de forma cortes, utilizan la justicia para construir, mantener y consolidar un imperio de impunidad.<\/p>\n\n\n\n<p>La fiscal\u00eda, el ente encargado de la persecuci\u00f3n penal invierte recursos, tiempo y esfuerzo en perseguir a ex fiscales que llevaron casos de corrupci\u00f3n y cada semana quedan sin efecto las acusaciones contra los corruptos, incluyendo algunos confesos.<\/p>\n\n\n\n<p>Las \u00f3rdenes de captura contra el ex fiscal de la FECI contin\u00faan acumul\u00e1ndose, cada vez que \u00e9l da declaraciones, se entrevista con funcionarios de otros pa\u00edses, o activa en las redes sociales, al otro d\u00eda se suma otra orden de captura y se activa a coro el net center con la bendici\u00f3n e informaci\u00f3n de la propia fiscal\u00eda para resaltar que aqu\u00ed ning\u00fan pol\u00edtico y empresario ha sido corrupto, que todo fue un sue\u00f1o h\u00famedo de la anterior fiscal y del comunista y hoy ministro de la defensa de Colombia.<\/p>\n\n\n\n<p>Los procesos en reserva son expuestos en redes sociales por cuentas an\u00f3nimas. Los detalles salen de aquellos que deben velar por la buena observancia de la ley, en un contubernio malicioso, por utilizar el vocabulario jur\u00eddico que tanto gusta a estas gentes, con los operadores del mal.<\/p>\n\n\n\n<p>Se utiliza la figura del prevaricato a su sabor y antojo, conociendo de antemano que la autoridad que decide sobre este asunto ya est\u00e1 de su lado. Por eso se muestran prepotentes y han acu\u00f1ado la desafortunada frase \u201cnos hacemos cargo\u201d que siempre pasa por ser una amenaza directa, sin que la autoridad competente vele por la seguridad de los amenazados.<\/p>\n\n\n\n<p>Las leyes est\u00e1n para cumplirse, vociferan los esbirros judiciales. Pero los que deben aplicar esta sentencia llevan tiempo usurpando los cargos m\u00e1s altos de la justicia sin que nadie diga, ni haga algo al respecto. El plazo de los magistrados expir\u00f3 y de acuerdo con el mandato legal, el Congreso de la Rep\u00fablica, qui\u00e9n es el ente encargado de legislar, ni se inmuta ante este desprop\u00f3sito.<\/p>\n\n\n\n<p>Y qui\u00e9n se oponga y no le gusta, tambi\u00e9n es perseguido, calumniado y puesto a disposici\u00f3n de los tribunales, sin importar el delito. El ser opositor te da el calificativo de comunista, anti cristiano y feminista pro aborto. Por qu\u00e9 este pa\u00eds que no respeta la vida, se hace llamar pro vida.<\/p>\n\n\n\n<p>El poder mismo no tiene intenciones de cumplir la ley. Ni siquiera la ley del mercado libre, que ellos tanto cacarean. Y no existen consecuencias, ni para los infractores, ni para los c\u00f3mplices, ni para los perpetradores de tanta injusticia. Ninguna excusa, ni disimulo, ni verg\u00fcenza, sienten estos delincuentes.<\/p>\n\n\n\n<p>Lamentablemente la ley debe ser interpretada. Y aqu\u00ed lo que predomina son los prejuicios, la descalificaci\u00f3n y, sobre todo, la corrupci\u00f3n. Por eso es f\u00e1cil, reescribir los hechos, adecuarlos en un metaverso favorable a sus intereses, sin importar el imperio de la ley, porque son ellos, los del pacto, la ley. &nbsp;<\/p>\n\n\n\n<p>Por eso la ley dejo de ser justa y se convirti\u00f3, en las manos equivocadas, en un instrumento de venganza y de persecuci\u00f3n pol\u00edtica contra los opositores. Y un mecanismo para consolidar la corrupci\u00f3n y el despojo violento de toda posibilidad de desarrollo para pa\u00eds.<\/p>\n","protected":false},"excerpt":{"rendered":"<p>El discurso que desde el poder se pretende dar, es de respeto absoluto de la ley. Es como un eslogan pre fabricado que se utiliza en cualquier ocasi\u00f3n, ya sea en un discurso en Naciones Unidas o en una entrevista de radio, los argumentos pol\u00edticos se sustituyen por referencias a Dios, la justicia y la [&hellip;]<\/p>\n","protected":false},"author":1,"featured_media":320,"comment_status":"open","ping_status":"closed","sticky":false,"template":"","format":"standard","meta":{"footnotes":""},"categories":[5],"tags":[6,7],"class_list":["post-1","post","type-post","status-publish","format-standard","has-post-thumbnail","hentry","category-politica","tag-la-justicia","tag-la-ley"],"_links":{"self":[{"href":"https:\/\/ciidgt.org\/catarsis\/wp-json\/wp\/v2\/posts\/1","targetHints":{"allow":["GET"]}}],"collection":[{"href":"https:\/\/ciidgt.org\/catarsis\/wp-json\/wp\/v2\/posts"}],"about":[{"href":"https:\/\/ciidgt.org\/catarsis\/wp-json\/wp\/v2\/types\/post"}],"author":[{"embeddable":true,"href":"https:\/\/ciidgt.org\/catarsis\/wp-json\/wp\/v2\/users\/1"}],"replies":[{"embeddable":true,"href":"https:\/\/ciidgt.org\/catarsis\/wp-json\/wp\/v2\/comments?post=1"}],"version-history":[{"count":1,"href":"https:\/\/ciidgt.org\/catarsis\/wp-json\/wp\/v2\/posts\/1\/revisions"}],"predecessor-version":[{"id":51,"href":"https:\/\/ciidgt.org\/catarsis\/wp-json\/wp\/v2\/posts\/1\/revisions\/51"}],"wp:featuredmedia":[{"embeddable":true,"href":"https:\/\/ciidgt.org\/catarsis\/wp-json\/wp\/v2\/media\/320"}],"wp:attachment":[{"href":"https:\/\/ciidgt.org\/catarsis\/wp-json\/wp\/v2\/media?parent=1"}],"wp:term":[{"taxonomy":"category","embeddable":true,"href":"https:\/\/ciidgt.org\/catarsis\/wp-json\/wp\/v2\/categories?post=1"},{"taxonomy":"post_tag","embeddable":true,"href":"https:\/\/ciidgt.org\/catarsis\/wp-json\/wp\/v2\/tags?post=1"}],"curies":[{"name":"wp","href":"https:\/\/api.w.org\/{rel}","templated":true}]}}