{"id":177,"date":"2023-01-02T20:23:54","date_gmt":"2023-01-02T20:23:54","guid":{"rendered":"https:\/\/ciidgt.org\/catarsis\/?p=177"},"modified":"2023-01-05T15:16:32","modified_gmt":"2023-01-05T15:16:32","slug":"lula-asume-en-brasil","status":"publish","type":"post","link":"https:\/\/ciidgt.org\/catarsis\/lula-asume-en-brasil\/","title":{"rendered":"Lula asume en Brasil"},"content":{"rendered":"\n<p>El 2023 inicio con la toma de posesi\u00f3n de Ignacio Lula Da Silva. Antes de las 8 de la ma\u00f1ana, una cola de m\u00e1s de dos kil\u00f3metros se formaba para asistir al acto frente al palacio de Planalto, para el tercer mandato presidencial. <\/p>\n\n\n\n<p>\u00abEn el primer d\u00eda de Gobierno, vamos a firmar un decreto para acaba con el secreto de 100 a\u00f1os. El pueblo debe ver lo que hizo el gobierno de Bolsonaro y trato de esconder\u00bb, dijo en campa\u00f1a Lula. <\/p>\n\n\n\n<p>Y en su primer d\u00eda como presidente Lula firm\u00f3 un&nbsp;decreto para&nbsp; restablecer el combate a la deforestaci\u00f3n en la Amazon\u00eda, y reactivar el Fondo hom\u00f3nimo,&nbsp;constituido con donaciones de Alemania y Noruega. Estos dos pa\u00edses <strong>congelaron en 2019 sus aportes&nbsp;<\/strong>ante la negativa de Bolsonaro de frenar la deforestaci\u00f3n, que en sus tres primeros a\u00f1os avanz\u00f3 un 73 %.<\/p>\n\n\n\n<p>Lula suspendi\u00f3&nbsp;nuevos registros de armas por parte de cazadores, tiradores y coleccionistas, as\u00ed como la creaci\u00f3n de clubes de tiro; redujo los l\u00edmites para la compra de armas y municiones, y orden\u00f3 poner en marcha&nbsp;un grupo de trabajo para proponer nuevas regulaciones en la pol\u00edtica de desarme.<\/p>\n\n\n\n<p>Asimismo, estableci\u00f3 que, en los pr\u00f3ximos 60 d\u00edas,&nbsp;todas las armas compradas desde mayo de 2019 <strong>sean registradas nuevamente por los propietarios<\/strong>.<\/p>\n\n\n\n<p><\/p>\n","protected":false},"excerpt":{"rendered":"<p>El 2023 inicio con la toma de posesi\u00f3n de Ignacio Lula Da Silva. Antes de las 8 de la ma\u00f1ana, una cola de m\u00e1s de dos kil\u00f3metros se formaba para asistir al acto frente al palacio de Planalto, para el tercer mandato presidencial. \u00abEn el primer d\u00eda de Gobierno, vamos a firmar un decreto para [&hellip;]<\/p>\n","protected":false},"author":1,"featured_media":317,"comment_status":"open","ping_status":"closed","sticky":false,"template":"","format":"standard","meta":{"footnotes":""},"categories":[13],"tags":[14,15],"class_list":["post-177","post","type-post","status-publish","format-standard","has-post-thumbnail","hentry","category-internacional","tag-brasil","tag-lula"],"_links":{"self":[{"href":"https:\/\/ciidgt.org\/catarsis\/wp-json\/wp\/v2\/posts\/177","targetHints":{"allow":["GET"]}}],"collection":[{"href":"https:\/\/ciidgt.org\/catarsis\/wp-json\/wp\/v2\/posts"}],"about":[{"href":"https:\/\/ciidgt.org\/catarsis\/wp-json\/wp\/v2\/types\/post"}],"author":[{"embeddable":true,"href":"https:\/\/ciidgt.org\/catarsis\/wp-json\/wp\/v2\/users\/1"}],"replies":[{"embeddable":true,"href":"https:\/\/ciidgt.org\/catarsis\/wp-json\/wp\/v2\/comments?post=177"}],"version-history":[{"count":2,"href":"https:\/\/ciidgt.org\/catarsis\/wp-json\/wp\/v2\/posts\/177\/revisions"}],"predecessor-version":[{"id":318,"href":"https:\/\/ciidgt.org\/catarsis\/wp-json\/wp\/v2\/posts\/177\/revisions\/318"}],"wp:featuredmedia":[{"embeddable":true,"href":"https:\/\/ciidgt.org\/catarsis\/wp-json\/wp\/v2\/media\/317"}],"wp:attachment":[{"href":"https:\/\/ciidgt.org\/catarsis\/wp-json\/wp\/v2\/media?parent=177"}],"wp:term":[{"taxonomy":"category","embeddable":true,"href":"https:\/\/ciidgt.org\/catarsis\/wp-json\/wp\/v2\/categories?post=177"},{"taxonomy":"post_tag","embeddable":true,"href":"https:\/\/ciidgt.org\/catarsis\/wp-json\/wp\/v2\/tags?post=177"}],"curies":[{"name":"wp","href":"https:\/\/api.w.org\/{rel}","templated":true}]}}