{"id":219,"date":"2023-01-04T01:32:21","date_gmt":"2023-01-04T01:32:21","guid":{"rendered":"https:\/\/ciidgt.org\/catarsis\/?p=219"},"modified":"2023-01-05T15:10:42","modified_gmt":"2023-01-05T15:10:42","slug":"se-termina-el-interinato","status":"publish","type":"post","link":"https:\/\/ciidgt.org\/catarsis\/se-termina-el-interinato\/","title":{"rendered":"Se termina el interinato"},"content":{"rendered":"\n<p>Con 72 votos a favor, 29 en contra y ocho abstenciones,<strong> Juan Guaid\u00f3 fue removido de la presidencia interina de Venezuela, <\/strong>que autoasumi\u00f3 el 23 de enero de 2019 con el respaldo de Estados Unidos. <\/p>\n\n\n\n<p>Resulta que su presidencia nunca tuvo el poder real en Venezuela. Que su accionar solo tuvo repercusiones en el acceso a los recursos internacionales del pa\u00eds, a trav\u00e9s de Estados Unidos. <\/p>\n\n\n\n<p>El gobierno interino, no fue m\u00e1s que una fachata para el robo y para generar una oposici\u00f3n inexistente al legitimo gobierno. <\/p>\n\n\n\n<p>As\u00ed que pa\u00edses como Francia, reconocieron que Maduro preside el pa\u00eds. <\/p>\n\n\n\n<p>Sin embargo, Estados Unidos todav\u00eda considera ileg\u00edtima la Presidencia del venezolano Nicol\u00e1s Maduro, afirm\u00f3 el vocero del Departamento de Estado, Ned Price. <\/p>\n\n\n\n<p><\/p>\n\n\n\n<p><\/p>\n","protected":false},"excerpt":{"rendered":"<p>Con 72 votos a favor, 29 en contra y ocho abstenciones, Juan Guaid\u00f3 fue removido de la presidencia interina de Venezuela, que autoasumi\u00f3 el 23 de enero de 2019 con el respaldo de Estados Unidos. Resulta que su presidencia nunca tuvo el poder real en Venezuela. Que su accionar solo tuvo repercusiones en el acceso [&hellip;]<\/p>\n","protected":false},"author":1,"featured_media":315,"comment_status":"closed","ping_status":"closed","sticky":false,"template":"","format":"standard","meta":{"footnotes":""},"categories":[10,13],"tags":[22,21,23],"class_list":["post-219","post","type-post","status-publish","format-standard","has-post-thumbnail","hentry","category-globalizacion","category-internacional","tag-guaido","tag-maduro","tag-venezuela"],"_links":{"self":[{"href":"https:\/\/ciidgt.org\/catarsis\/wp-json\/wp\/v2\/posts\/219","targetHints":{"allow":["GET"]}}],"collection":[{"href":"https:\/\/ciidgt.org\/catarsis\/wp-json\/wp\/v2\/posts"}],"about":[{"href":"https:\/\/ciidgt.org\/catarsis\/wp-json\/wp\/v2\/types\/post"}],"author":[{"embeddable":true,"href":"https:\/\/ciidgt.org\/catarsis\/wp-json\/wp\/v2\/users\/1"}],"replies":[{"embeddable":true,"href":"https:\/\/ciidgt.org\/catarsis\/wp-json\/wp\/v2\/comments?post=219"}],"version-history":[{"count":1,"href":"https:\/\/ciidgt.org\/catarsis\/wp-json\/wp\/v2\/posts\/219\/revisions"}],"predecessor-version":[{"id":221,"href":"https:\/\/ciidgt.org\/catarsis\/wp-json\/wp\/v2\/posts\/219\/revisions\/221"}],"wp:featuredmedia":[{"embeddable":true,"href":"https:\/\/ciidgt.org\/catarsis\/wp-json\/wp\/v2\/media\/315"}],"wp:attachment":[{"href":"https:\/\/ciidgt.org\/catarsis\/wp-json\/wp\/v2\/media?parent=219"}],"wp:term":[{"taxonomy":"category","embeddable":true,"href":"https:\/\/ciidgt.org\/catarsis\/wp-json\/wp\/v2\/categories?post=219"},{"taxonomy":"post_tag","embeddable":true,"href":"https:\/\/ciidgt.org\/catarsis\/wp-json\/wp\/v2\/tags?post=219"}],"curies":[{"name":"wp","href":"https:\/\/api.w.org\/{rel}","templated":true}]}}