{"id":358,"date":"2023-01-06T19:06:46","date_gmt":"2023-01-06T19:06:46","guid":{"rendered":"https:\/\/ciidgt.org\/catarsis\/?p=358"},"modified":"2023-01-06T19:06:47","modified_gmt":"2023-01-06T19:06:47","slug":"la-hipocresia-de-la-politica-migratoria","status":"publish","type":"post","link":"https:\/\/ciidgt.org\/catarsis\/la-hipocresia-de-la-politica-migratoria\/","title":{"rendered":"La hipocres\u00eda de la pol\u00edtica migratoria."},"content":{"rendered":"\n<p>Los primeros migrantes guatemaltecos llegaron este 2023, deportados de Estados Unidos. El primer vuelo lleg\u00f3 procedente de Texas. El a\u00f1o pasado retornaron al pa\u00eds m\u00e1s de 40 mil migrantes por la v\u00eda \u00e1rea, y se espera que para este a\u00f1o la cifra se incremente considerablemente.<\/p>\n\n\n\n<p>Para Guatemala, es un problema que no se tiene inter\u00e9s en resolver. Los migrantes env\u00edan al pa\u00eds remesas que solo el a\u00f1o pasado represent\u00f3 el 18% del Producto Interno Bruto. La pobreza, la exclusi\u00f3n, la falta de oportunidades y la corrupci\u00f3n son los principales motivos para la migraci\u00f3n.&nbsp; Mientras la situaci\u00f3n econ\u00f3mica y pol\u00edtica no cambie, el flujo de personas que busca un futuro mejor en otro pa\u00eds continuar\u00e1.<\/p>\n\n\n\n<p>Estados Unidos por su parte tampoco tiene mucho inter\u00e9s en frenar la migraci\u00f3n, tomando en cuenta que requiere mano de obra barata para cierta parte de su producci\u00f3n local. Lo que si hace es organizar y regular dicha migraci\u00f3n, y su pol\u00edtica migratoria tambi\u00e9n se utiliza como instrumento pol\u00edtico.<\/p>\n\n\n\n<p>Por ejemplo, la nueva pol\u00edtica migratoria admite 30 mil migrantes por mes, si estos provienen de pa\u00edses como Cuba, Venezuela, Nicaragua o Hait\u00ed. La administraci\u00f3n Biden propone recibir a los migrantes que \u201cescapan del socialismo\u201d, no a los migrantes econ\u00f3micos que \u201cescapan del capitalismo\u201d, como es el caso de Guatemala.<\/p>\n\n\n\n<p>Para los migrantes que llegan de otros pa\u00edses las reglas ser\u00e1n m\u00e1s estrictas para los que intenten cruzar la frontera con M\u00e9xico. M\u00e1s de 1,7 millones de migrantes fueron detenidos en esa frontera el a\u00f1o pasado y se espera un incremento del 40% para este a\u00f1o.<\/p>\n\n\n\n<p>Dar cupos para ciertos pa\u00edses, son medidas implementadas en el tiempo de Donald Trump y la actual administraci\u00f3n las mantuvo, con el \u00fanico objetivo de da\u00f1ar la econom\u00eda de esos pa\u00edses y mantener el hostigamiento a dichos gobiernos. En el caso de Hait\u00ed, la crisis migratoria representa el preludio de lo que puede ser una nueva intervenci\u00f3n.<\/p>\n\n\n\n<p>Para hacer una comparaci\u00f3n, en los \u00faltimos a\u00f1os, se han deportado a m\u00e1s de 60 mil migrantes guatemaltecos. Lo que muestra que la pol\u00edtica migratoria de ambos pa\u00edses es una farsa. Cada gobierno lo asume seg\u00fan su conveniencia, sin importar el da\u00f1o familiar y humano que crea para los migrantes. Y sin resolver de fondo el problema econ\u00f3mico en cada pa\u00eds. &nbsp;<\/p>\n","protected":false},"excerpt":{"rendered":"<p>Los primeros migrantes guatemaltecos llegaron este 2023, deportados de Estados Unidos. El primer vuelo lleg\u00f3 procedente de Texas. El a\u00f1o pasado retornaron al pa\u00eds m\u00e1s de 40 mil migrantes por la v\u00eda \u00e1rea, y se espera que para este a\u00f1o la cifra se incremente considerablemente. Para Guatemala, es un problema que no se tiene inter\u00e9s [&hellip;]<\/p>\n","protected":false},"author":1,"featured_media":359,"comment_status":"closed","ping_status":"closed","sticky":false,"template":"","format":"standard","meta":{"footnotes":""},"categories":[5],"tags":[18,41,39,43,40],"class_list":["post-358","post","type-post","status-publish","format-standard","has-post-thumbnail","hentry","category-politica","tag-eeuu","tag-guatemala","tag-migracion","tag-pobreza-2","tag-politica-migratoria"],"_links":{"self":[{"href":"https:\/\/ciidgt.org\/catarsis\/wp-json\/wp\/v2\/posts\/358","targetHints":{"allow":["GET"]}}],"collection":[{"href":"https:\/\/ciidgt.org\/catarsis\/wp-json\/wp\/v2\/posts"}],"about":[{"href":"https:\/\/ciidgt.org\/catarsis\/wp-json\/wp\/v2\/types\/post"}],"author":[{"embeddable":true,"href":"https:\/\/ciidgt.org\/catarsis\/wp-json\/wp\/v2\/users\/1"}],"replies":[{"embeddable":true,"href":"https:\/\/ciidgt.org\/catarsis\/wp-json\/wp\/v2\/comments?post=358"}],"version-history":[{"count":1,"href":"https:\/\/ciidgt.org\/catarsis\/wp-json\/wp\/v2\/posts\/358\/revisions"}],"predecessor-version":[{"id":360,"href":"https:\/\/ciidgt.org\/catarsis\/wp-json\/wp\/v2\/posts\/358\/revisions\/360"}],"wp:featuredmedia":[{"embeddable":true,"href":"https:\/\/ciidgt.org\/catarsis\/wp-json\/wp\/v2\/media\/359"}],"wp:attachment":[{"href":"https:\/\/ciidgt.org\/catarsis\/wp-json\/wp\/v2\/media?parent=358"}],"wp:term":[{"taxonomy":"category","embeddable":true,"href":"https:\/\/ciidgt.org\/catarsis\/wp-json\/wp\/v2\/categories?post=358"},{"taxonomy":"post_tag","embeddable":true,"href":"https:\/\/ciidgt.org\/catarsis\/wp-json\/wp\/v2\/tags?post=358"}],"curies":[{"name":"wp","href":"https:\/\/api.w.org\/{rel}","templated":true}]}}