{"id":384,"date":"2023-01-16T18:17:54","date_gmt":"2023-01-16T18:17:54","guid":{"rendered":"https:\/\/ciidgt.org\/catarsis\/?p=384"},"modified":"2023-01-16T18:17:55","modified_gmt":"2023-01-16T18:17:55","slug":"uso-abuso-y-desprecio-por-lo-publico","status":"publish","type":"post","link":"https:\/\/ciidgt.org\/catarsis\/uso-abuso-y-desprecio-por-lo-publico\/","title":{"rendered":"Uso, abuso y desprecio por lo p\u00fablico"},"content":{"rendered":"\n<p>Cuando el actual presidente se enferm\u00f3, fue directo a un centro hospitalario privado. Pero no ha sido el \u00fanico, y como est\u00e1n las cosas, no ser\u00e1 el \u00faltimo. Varios presidentes antes que \u00e9l, han tenido atenci\u00f3n m\u00e9dica en hospitales y cl\u00ednicas privadas. El m\u00e1s pudiente se march\u00f3 al extranjero para tratarse, pero se justific\u00f3 diciendo que era una revisi\u00f3n de rutina, no que \u00e9l cubr\u00eda con los gastos.<\/p>\n\n\n\n<p>El asunto es relevante, dado que ning\u00fan mandatario se le ocurre asistir al sistema p\u00fablico cuando su salud est\u00e1 en riesgo, todos sin excepci\u00f3n, desde Vinicio Cerezo hasta la fecha, se han negado a usar los servicios del seguro social o la red nacional de hospitales, como debe ser. Quiz\u00e1s saben perfectamente el da\u00f1o que las pol\u00edticas neoliberales han causado a los servicios p\u00fablicos, la corrupci\u00f3n que ha destruido lo poco que existe y el desmedido af\u00e1n crear cuasi mercados para bienes p\u00fablicos. &nbsp;<\/p>\n\n\n\n<p>Ahora esto no causa debate en la opini\u00f3n p\u00fablica. Pero el deterioro de lo p\u00fablico se viene manifestando en diversas actividades de los propios funcionarios. Hace unos d\u00edas, el ministro de comunicaciones realiz\u00f3 un viaje al occidente para asistir a la proclamaci\u00f3n del candidato oficial. El ministro en lugar de utilizar la red vial, lleg\u00f3 en helic\u00f3ptero.<\/p>\n\n\n\n<p>En una acci\u00f3n ostentosa, independientemente si lo pago o no de su bolsillo, pone en evidencia que los servicios y los bienes p\u00fablicos est\u00e1n en condiciones desastrosas. Sabe perfectamente que las carreteras est\u00e1n en mal estado, pese a las grandes sumas de dinero gastado. As\u00ed que decidi\u00f3 viajar por la v\u00eda \u00e1rea, para un trayecto de 180 Km. Tampoco es el primero que lo hace. El mismo ex ministro del ambiente, entre otros, realiz\u00f3 un viaje en helic\u00f3ptero de solamente 35 Km para ir a votar.<\/p>\n\n\n\n<p>Desde los cargos p\u00fablicos, muchos funcionarios electos y t\u00e9cnicos que ocupan los cargos p\u00fablicos destruyen los servicios y los bienes del Estados, que por ley y por esencia deb\u00edan proteger y hacer funcionar para beneficio de la poblaci\u00f3n. Pero cuando se trata de hacer valer los beneficios que los cargos proporcionan, no reparan en gastos, m\u00e1s si eso representa un beneficio personal.&nbsp;<\/p>\n","protected":false},"excerpt":{"rendered":"<p>Cuando el actual presidente se enferm\u00f3, fue directo a un centro hospitalario privado. Pero no ha sido el \u00fanico, y como est\u00e1n las cosas, no ser\u00e1 el \u00faltimo. Varios presidentes antes que \u00e9l, han tenido atenci\u00f3n m\u00e9dica en hospitales y cl\u00ednicas privadas. El m\u00e1s pudiente se march\u00f3 al extranjero para tratarse, pero se justific\u00f3 diciendo [&hellip;]<\/p>\n","protected":false},"author":1,"featured_media":385,"comment_status":"closed","ping_status":"closed","sticky":false,"template":"","format":"standard","meta":{"footnotes":""},"categories":[5],"tags":[51,48,49,50],"class_list":["post-384","post","type-post","status-publish","format-standard","has-post-thumbnail","hentry","category-politica","tag-bienes-y-servicios","tag-neoliberalismo","tag-privatizacion","tag-publico"],"_links":{"self":[{"href":"https:\/\/ciidgt.org\/catarsis\/wp-json\/wp\/v2\/posts\/384","targetHints":{"allow":["GET"]}}],"collection":[{"href":"https:\/\/ciidgt.org\/catarsis\/wp-json\/wp\/v2\/posts"}],"about":[{"href":"https:\/\/ciidgt.org\/catarsis\/wp-json\/wp\/v2\/types\/post"}],"author":[{"embeddable":true,"href":"https:\/\/ciidgt.org\/catarsis\/wp-json\/wp\/v2\/users\/1"}],"replies":[{"embeddable":true,"href":"https:\/\/ciidgt.org\/catarsis\/wp-json\/wp\/v2\/comments?post=384"}],"version-history":[{"count":1,"href":"https:\/\/ciidgt.org\/catarsis\/wp-json\/wp\/v2\/posts\/384\/revisions"}],"predecessor-version":[{"id":386,"href":"https:\/\/ciidgt.org\/catarsis\/wp-json\/wp\/v2\/posts\/384\/revisions\/386"}],"wp:featuredmedia":[{"embeddable":true,"href":"https:\/\/ciidgt.org\/catarsis\/wp-json\/wp\/v2\/media\/385"}],"wp:attachment":[{"href":"https:\/\/ciidgt.org\/catarsis\/wp-json\/wp\/v2\/media?parent=384"}],"wp:term":[{"taxonomy":"category","embeddable":true,"href":"https:\/\/ciidgt.org\/catarsis\/wp-json\/wp\/v2\/categories?post=384"},{"taxonomy":"post_tag","embeddable":true,"href":"https:\/\/ciidgt.org\/catarsis\/wp-json\/wp\/v2\/tags?post=384"}],"curies":[{"name":"wp","href":"https:\/\/api.w.org\/{rel}","templated":true}]}}