{"id":387,"date":"2023-01-19T17:08:35","date_gmt":"2023-01-19T17:08:35","guid":{"rendered":"https:\/\/ciidgt.org\/catarsis\/?p=387"},"modified":"2023-01-19T22:42:03","modified_gmt":"2023-01-19T22:42:03","slug":"mentiras-necesarias-frente-bochornosas-realidades","status":"publish","type":"post","link":"https:\/\/ciidgt.org\/catarsis\/mentiras-necesarias-frente-bochornosas-realidades\/","title":{"rendered":"<strong>Mentiras necesarias frente bochornosas realidades<\/strong>"},"content":{"rendered":"\n<p>Ignoro las motivaciones que pudo tener la fiscal general para imputar cargos penales al ex Comisionado de la CICIG en Guatemala, dado que la \u201cdoctora\u201d se presenta como amante de los formalismos legales y apegada a derecho; a\u00fan as\u00ed, ella tuvo que saber que las actuaciones de Iv\u00e1n Vel\u00e1squez al frente de la CICIG gozan de inmunidad diplom\u00e1tica.<\/p>\n\n\n\n<p>Tambi\u00e9n resulta obvio que Rafael Curruchiche no tiene la capacidad ni la libertad para presentar un caso de esa magnitud si no cuenta con el aval de la fiscal general y la orientaci\u00f3n de sus asesores. M\u00e1s all\u00e1 de lo obvio, las motivaciones deben ser otras y no solo la venganza. Por eso es importante indagar a qui\u00e9n beneficia, qu\u00e9 se logra y por qu\u00e9 se monta esto justo antes del llamado a las elecciones generales.<\/p>\n\n\n\n<p>Seg\u00fan Curruchiche \u201cIv\u00e1n Vel\u00e1squez formaba parte de esa estructura criminal\u201d refiri\u00e9ndose a la fiscal\u00eda anti corrupci\u00f3n e impunidad que se construy\u00f3 en el MP durante los per\u00edodos de las fiscales Claudia Paz y Thelma Aldana, cuyos avances en la lucha contra la corrupci\u00f3n y la impunidad fren\u00f3 la actual jefa del ministerio p\u00fablico.<\/p>\n\n\n\n<p>El fiscal no aporta m\u00e1s pruebas que unos correos electr\u00f3nicos que se encontraron durante la negociaci\u00f3n con la empresa Odebrecht. Aduce que existi\u00f3 una negociaci\u00f3n ilegal con los \u201ccolaboradores eficaces\u201d, lo que anul\u00f3 el proceso en contra de los que s\u00ed recibieron los sobornos. Para el fiscal de la FECI, esos hechos son motivos suficientes para afirmar que el ex Comisionado formaba parte de una estructura criminal al interior del MP.<\/p>\n\n\n\n<p>Las \u00f3rdenes de captura contra ex funcionarios de la fiscal\u00eda y ex mandatarios de la CICIG se pueden entender mejor si se toma en cuenta la actuaci\u00f3n que en esa l\u00ednea sigue la cabeza del MP. Ha sido una persecuci\u00f3n persistente que se impulsa contra ex integrantes fiscales. Esa es una acci\u00f3n reiterativa de venganza que se delineo desde la llegada de Consuelo Porras y que ha necesitado de dos per\u00edodos para lograr la captura, el exilio y la c\u00e1rcel para ex fiscales, jueces y operadores de justicia independientes con el \u00fanico objetivo de consolidar el poder corrupto que ahora mismo dirige los organismos de justicia en el pa\u00eds.<\/p>\n\n\n\n<p>Desde el cargo, Consuelo Porras se encarg\u00f3 de articular con los distintos grupos afectados por la CICIG para emprender acciones que revirtieran los procesos judiciales abiertos y poco a poco fue reestructurando la cooptaci\u00f3n que Iv\u00e1n Vel\u00e1squez intent\u00f3 eliminar. Una vez logrado esto, de manera m\u00e1s sutil, pero no menos importante, ha llevado a cabo la tarea de desarmar moralmente a la sociedad, haciendo creer que la corrupci\u00f3n no existe, que es un invento ideol\u00f3gico de gente resentida social, trabajo que se ha realizado a escala de toda la sociedad. Con eso han logrado encerrar a los operadores de justicia y opositores, pero tambi\u00e9n han logrado que la sociedad sea indiferente a sus desmanes.<\/p>\n\n\n\n<p>Pero hay que ser claros en algo, tampoco la fiscal general pudo decidir investigar a Vel\u00e1squez sin antes consultar al presidente y a otros actores de poder dentro del pacto de corruptos, tomando en cuenta lo que implicaba una confrontaci\u00f3n directa con Naciones Unidas. Claramente la fiscal general tuvo que tener el benepl\u00e1cito de Giammattei, el consentimiento de la c\u00fapula empresarial y la complicidad, si no el involucramiento de la derecha colombiana, que ser\u00eda la gran ganadora en este conflicto.<\/p>\n\n\n\n<p>En un primer momento, Giammattei asumi\u00f3 de inmediato la defensa de su fiscal y por eso su respuesta al presidente Petro fue grosera y tendenciosa. Luego la derecha colombiana comenz\u00f3 a utilizar el mismo relato que los netcenter de la corrupci\u00f3n repiten hasta el cansancio. El ex comisionado es un \u201cpr\u00f3fugo\u201d de la justicia, al tiempo que solicitan que por \u201cdignidad\u201d el ministro debe renunciar al cargo y otras cuantas cosas m\u00e1s. Un libreto que aqu\u00ed se aprendi\u00f3 muy bien. &nbsp;<\/p>\n\n\n\n<p>Giammattei se jug\u00f3 la carta del conflicto ideol\u00f3gico y coloco como palad\u00edn en la lucha contra la izquierda extremista, por eso hizo \u00e9nfasis en el pasado guerrillero de Petro, una pose para quedar bien con el fascismo interno y conciliar con Estados Unidos en el frente externo. Como buen conocedor de lo que hace la fiscal\u00eda guatemalteca, el presidente recalc\u00f3 que no existe una orden de captura, pero si una investigaci\u00f3n en curso contra Iv\u00e1n Vel\u00e1squez, dejando abierto el problema, pero minimizando su alcance.<\/p>\n\n\n\n<p>En las declaraciones que Giammattei dio, mencion\u00f3 que Petro hab\u00eda dejado en libertad a narcotraficantes y personas vinculadas a asesinatos dentro del conflicto armado colombiano, en clara referencia a la postura de la oposici\u00f3n colombiana frente al proceso de paz que impulsa Petro. Ah\u00ed queda en evidencia la tergiversaci\u00f3n que el mandatario hizo de la situaci\u00f3n colombiana, que tampoco ven\u00eda a cuento, pero que se identifica claramente a favor de Uribismo, a pesar que menciona que no se trata de inmiscuirse en las pol\u00edticas de otro pa\u00eds.<\/p>\n\n\n\n<p>Por eso no ser\u00eda nada extra\u00f1o que \u00c1lvaro Uribe, asiduo referente de Fundesa y del Cacif, haya participado en este plan. Por eso mismo, quiz\u00e1s, tampoco la c\u00fapula empresarial guatemalteca se preocup\u00f3 por un posible conflicto diplom\u00e1tico y hasta la fecha no se pronunci\u00f3, a pesar que Colombia es ahora mismo el pa\u00eds que aporta mayor volumen de inversi\u00f3n extranjera.<\/p>\n\n\n\n<p>La reacci\u00f3n de Petro en defensa de su ministro fue contundente y desbarat\u00f3 el plan. Eso puso en evidencia a nivel internacional la profunda crisis del sistema de la justicia guatemalteca y la falta de credibilidad de la fiscal general, acusada por Estados Unidos de ser un agente corrupto. Evidenci\u00f3 la persecuci\u00f3n penal en contra de operadores de justicia que lucharon contra la corrupci\u00f3n y la impunidad, transformando la justicia en una herramienta de intereses particulares para eliminar a los opositores al r\u00e9gimen. &nbsp;<\/p>\n\n\n\n<p>A nadie beneficia un conflicto diplom\u00e1tico entre los dos pa\u00edses. Pero, es significativo el da\u00f1o que est\u00e1 acci\u00f3n le provoca al gobierno de Petro en lo interno, m\u00e1s all\u00e1 que la acci\u00f3n legal nace muerta por carecer de sustento. La derecha colombiana, tan fascista como la chapina, logran una cu\u00f1a para desprestigiar el trabajo de Vel\u00e1squez al frente del ministerio de la Defensa de Colombia.<\/p>\n\n\n\n<p>Mientras Giammattei refuerza su poder utilizando de nuevo a la fiscal\u00eda para apartar opositores, activistas y ex funcionarios honestos que se han opuestos a los planes de cooptaci\u00f3n. Ya circula una petici\u00f3n de la fiscal\u00eda administrativa del MP, indagando sobre Jord\u00e1n Rodas, ex Procurador de Derechos Humanos y recientemente propuesto como candidato a la vice presidencia por el partido MLP. En clara alusi\u00f3n del proceso \u201clegal\u201d que se inicia contra \u00e9l, lo que desembocar\u00e1 en un impedimento a su inscripci\u00f3n para las pr\u00f3ximas elecciones.<\/p>\n\n\n\n<p>Algunos sectores pol\u00edticos guatemaltecos creen ingenuamente que Estados Unidos es el \u00fanico actor que le puede poner freno al desenfreno del pacto de corruptos, lo cual no va pasar. Los pronunciamientos de funcionarios de Estados Unidos preocupados por la situaci\u00f3n en Guatemala ya no son tomados en cuenta por los funcionarios y pol\u00edticos guatemaltecos. El pacto de corruptos supero el miedo y le tomo la medida a una administraci\u00f3n d\u00e9bil y permisiva. El lobby que el sector empresarial hace y paga con ayuda de pa\u00edses \u201camigos\u201d ha sido efectivo para el control de da\u00f1os. En todo caso, los gringos se encuentran a gusto con el gobierno de Giammattei, sabiendo que muchos de esos funcionarios que hoy tienen el poder fueron puestos y formados por su agencia de cooperaci\u00f3n US AID, a pesar que abiertamente se sabe que cogobiernan con las estructuras del narco, pesa m\u00e1s los beneficios de tener gobiernos d\u00f3ciles y afines en un mundo cambiante.<\/p>\n\n\n\n<p>Por mucho tiempo Colombia ha sido el principal beneficiario de la cooperaci\u00f3n de Estados Unidos en Am\u00e9rica Latina. Una cooperaci\u00f3n orientada principalmente al tema de seguridad. Por eso, un conflicto en donde su ministro de Defensa este involucrado involuntariamente, le favorece a esa diplomacia que necesita mantener sus bases militares en ese pa\u00eds y que los lineamientos del Plan Colombia se asumen por el gobierno izquierdista de Petro.<\/p>\n\n\n\n<p>Esta acci\u00f3n del MP es la continuaci\u00f3n de la pol\u00edtica exterior asumida desde Jimmy Morales, que pasa por reforzar su v\u00ednculo con Israel, mantener las relaciones con Taiw\u00e1n y ahora, sumarse a Estados Unidos en su apoyo a Ucrania. Que mejor manera de congraciarse con sus jefes en un conflicto con Colombia que provoca un cuestionamiento contra el ministro de la defensa de ese pa\u00eds.<\/p>\n\n\n\n<p>Por eso Giammattei est\u00e1 feliz y se march\u00f3 a Espa\u00f1a a disfrutar con sus m\u00e1s cercanos e \u00edntimos colaboradores, de su poder. Mientras aqu\u00ed su fiscal cumple con la asignaci\u00f3n que le dieron. &nbsp;&nbsp;<\/p>\n","protected":false},"excerpt":{"rendered":"<p>Ignoro las motivaciones que pudo tener la fiscal general para imputar cargos penales al ex Comisionado de la CICIG en Guatemala, dado que la \u201cdoctora\u201d se presenta como amante de los formalismos legales y apegada a derecho; a\u00fan as\u00ed, ella tuvo que saber que las actuaciones de Iv\u00e1n Vel\u00e1squez al frente de la CICIG gozan [&hellip;]<\/p>\n","protected":false},"author":1,"featured_media":400,"comment_status":"closed","ping_status":"closed","sticky":false,"template":"","format":"standard","meta":{"footnotes":""},"categories":[13,5],"tags":[52,54,55,41,53],"class_list":["post-387","post","type-post","status-publish","format-standard","has-post-thumbnail","hentry","category-internacional","category-politica","tag-cicig","tag-colombia","tag-giammatei","tag-guatemala","tag-ivan-velasquez"],"_links":{"self":[{"href":"https:\/\/ciidgt.org\/catarsis\/wp-json\/wp\/v2\/posts\/387","targetHints":{"allow":["GET"]}}],"collection":[{"href":"https:\/\/ciidgt.org\/catarsis\/wp-json\/wp\/v2\/posts"}],"about":[{"href":"https:\/\/ciidgt.org\/catarsis\/wp-json\/wp\/v2\/types\/post"}],"author":[{"embeddable":true,"href":"https:\/\/ciidgt.org\/catarsis\/wp-json\/wp\/v2\/users\/1"}],"replies":[{"embeddable":true,"href":"https:\/\/ciidgt.org\/catarsis\/wp-json\/wp\/v2\/comments?post=387"}],"version-history":[{"count":1,"href":"https:\/\/ciidgt.org\/catarsis\/wp-json\/wp\/v2\/posts\/387\/revisions"}],"predecessor-version":[{"id":389,"href":"https:\/\/ciidgt.org\/catarsis\/wp-json\/wp\/v2\/posts\/387\/revisions\/389"}],"wp:featuredmedia":[{"embeddable":true,"href":"https:\/\/ciidgt.org\/catarsis\/wp-json\/wp\/v2\/media\/400"}],"wp:attachment":[{"href":"https:\/\/ciidgt.org\/catarsis\/wp-json\/wp\/v2\/media?parent=387"}],"wp:term":[{"taxonomy":"category","embeddable":true,"href":"https:\/\/ciidgt.org\/catarsis\/wp-json\/wp\/v2\/categories?post=387"},{"taxonomy":"post_tag","embeddable":true,"href":"https:\/\/ciidgt.org\/catarsis\/wp-json\/wp\/v2\/tags?post=387"}],"curies":[{"name":"wp","href":"https:\/\/api.w.org\/{rel}","templated":true}]}}