{"id":390,"date":"2023-01-19T22:32:59","date_gmt":"2023-01-19T22:32:59","guid":{"rendered":"https:\/\/ciidgt.org\/catarsis\/?p=390"},"modified":"2023-01-19T22:33:00","modified_gmt":"2023-01-19T22:33:00","slug":"quien-esta-a-cargo","status":"publish","type":"post","link":"https:\/\/ciidgt.org\/catarsis\/quien-esta-a-cargo\/","title":{"rendered":"Qui\u00e9n est\u00e1 a cargo"},"content":{"rendered":"\n<p>No estoy de humor, ni tampoco soy optimista.<\/p>\n\n\n\n<p>Creo que a Thelma Cabrera y Jord\u00e1n Rodas no los dejaran participar en las pr\u00f3ximas elecciones. En este pa\u00eds, los malos casi siempre se salen con la suya, por que los buenos los han dejado.<\/p>\n\n\n\n<p>As\u00ed de simple. As\u00ed act\u00faan los corruptos que est\u00e1n en el poder. El sistema no permite que se le desaf\u00ede.<\/p>\n\n\n\n<p>Por eso me estoy preparando para el fracaso de este intento reformista que implica jugar con las ama\u00f1adas reglas que impone el sistema. Reglas que ellos cambian a su antojo y lo peor, las interpretan siempre a su favor. <\/p>\n\n\n\n<p>La coyuntura actual supera mis peores presagios. Pero ya fundaterror defini\u00f3 qui\u00e9n puede y qui\u00e9n no puede participar y tanto el MP de Consuelo, como las cortes y el TSE, har\u00e1n el trabajo sucio despu\u00e9s.<\/p>\n\n\n\n<p>Pero, ya veremos.<\/p>\n","protected":false},"excerpt":{"rendered":"<p>No estoy de humor, ni tampoco soy optimista. Creo que a Thelma Cabrera y Jord\u00e1n Rodas no los dejaran participar en las pr\u00f3ximas elecciones. En este pa\u00eds, los malos casi siempre se salen con la suya, por que los buenos los han dejado. As\u00ed de simple. As\u00ed act\u00faan los corruptos que est\u00e1n en el poder. [&hellip;]<\/p>\n","protected":false},"author":1,"featured_media":391,"comment_status":"closed","ping_status":"closed","sticky":false,"template":"","format":"standard","meta":{"footnotes":""},"categories":[5],"tags":[56,57,58],"class_list":["post-390","post","type-post","status-publish","format-standard","has-post-thumbnail","hentry","category-politica","tag-elecciones","tag-jordan-rodas","tag-mlp"],"_links":{"self":[{"href":"https:\/\/ciidgt.org\/catarsis\/wp-json\/wp\/v2\/posts\/390","targetHints":{"allow":["GET"]}}],"collection":[{"href":"https:\/\/ciidgt.org\/catarsis\/wp-json\/wp\/v2\/posts"}],"about":[{"href":"https:\/\/ciidgt.org\/catarsis\/wp-json\/wp\/v2\/types\/post"}],"author":[{"embeddable":true,"href":"https:\/\/ciidgt.org\/catarsis\/wp-json\/wp\/v2\/users\/1"}],"replies":[{"embeddable":true,"href":"https:\/\/ciidgt.org\/catarsis\/wp-json\/wp\/v2\/comments?post=390"}],"version-history":[{"count":1,"href":"https:\/\/ciidgt.org\/catarsis\/wp-json\/wp\/v2\/posts\/390\/revisions"}],"predecessor-version":[{"id":392,"href":"https:\/\/ciidgt.org\/catarsis\/wp-json\/wp\/v2\/posts\/390\/revisions\/392"}],"wp:featuredmedia":[{"embeddable":true,"href":"https:\/\/ciidgt.org\/catarsis\/wp-json\/wp\/v2\/media\/391"}],"wp:attachment":[{"href":"https:\/\/ciidgt.org\/catarsis\/wp-json\/wp\/v2\/media?parent=390"}],"wp:term":[{"taxonomy":"category","embeddable":true,"href":"https:\/\/ciidgt.org\/catarsis\/wp-json\/wp\/v2\/categories?post=390"},{"taxonomy":"post_tag","embeddable":true,"href":"https:\/\/ciidgt.org\/catarsis\/wp-json\/wp\/v2\/tags?post=390"}],"curies":[{"name":"wp","href":"https:\/\/api.w.org\/{rel}","templated":true}]}}