{"id":405,"date":"2023-01-28T19:03:40","date_gmt":"2023-01-28T19:03:40","guid":{"rendered":"https:\/\/ciidgt.org\/catarsis\/?p=405"},"modified":"2023-01-28T19:03:41","modified_gmt":"2023-01-28T19:03:41","slug":"todos-somos-camilo","status":"publish","type":"post","link":"https:\/\/ciidgt.org\/catarsis\/todos-somos-camilo\/","title":{"rendered":"Todos somos Camilo"},"content":{"rendered":"\n<p><strong>La \u00fanica y principal misi\u00f3n de cualquier instituci\u00f3n educativa es para los estudiantes, a quienes se deben y por quienes existen. Tanto la historia de las instituciones educativas, como la historia de la ense\u00f1anza y la pedagog\u00eda as\u00ed lo reconocen. No importa lo dem\u00e1s, menos las autoridades, que en todo caso son transitorias y en muchas ocasiones impuestas y espurias. &nbsp;<\/strong><\/p>\n\n\n\n<p><strong>Por eso resulta incomprensible e inaceptable la actitud tomada por el Consejo Superior Universitario de expulsar a Camilo, estudiante y tambi\u00e9n autoridad del mismo CSU, qui\u00e9n est\u00e1 ah\u00ed, en representaci\u00f3n de la comunidad estudiantil de su facultad, que lo voto y lo respalda.<\/strong><\/p>\n\n\n\n<p><strong>Por eso es indignante la expulsi\u00f3n de la Universidad y es triste el injusto espect\u00e1culo que la m\u00e1xima autoridad de la Universidad P\u00fablica est\u00e1 dando. Las irregularidades en la conformaci\u00f3n de dicho ente, que Camilo con buen acierto denunci\u00f3, est\u00e1n poniendo a la instituci\u00f3n en una situaci\u00f3n vergonzosa y a sus delegados al servicio del poder que quiere destruir la propia Universidad. Esos comportamientos son vergonzosos.<\/strong><\/p>\n\n\n\n<p><strong>Con qu\u00e9 ejemplo se est\u00e1 educando a los estudiantes, si cuando existen claras y contundentes evidencias que dichas autoridades no predican con el ejemplo, m\u00e1s bien act\u00faan de forma irresponsable, motivados por el deseo de poder y venganza, solo de esa manera se puede explicar el actuar de muchos de los delegados al CSU que votan en contra de un estudiante que se atrevi\u00f3 de decir lo obvio y refrendar a la autoridad impuesta.<\/strong><\/p>\n\n\n\n<p><strong>Camilo, merece el reconocimiento y apoyo.<\/strong><\/p>\n","protected":false},"excerpt":{"rendered":"<p>La \u00fanica y principal misi\u00f3n de cualquier instituci\u00f3n educativa es para los estudiantes, a quienes se deben y por quienes existen. Tanto la historia de las instituciones educativas, como la historia de la ense\u00f1anza y la pedagog\u00eda as\u00ed lo reconocen. No importa lo dem\u00e1s, menos las autoridades, que en todo caso son transitorias y en [&hellip;]<\/p>\n","protected":false},"author":1,"featured_media":406,"comment_status":"closed","ping_status":"closed","sticky":false,"template":"","format":"standard","meta":{"footnotes":""},"categories":[34,5],"tags":[62,64,63],"class_list":["post-405","post","type-post","status-publish","format-standard","has-post-thumbnail","hentry","category-educacion","category-politica","tag-camilo","tag-estudiante","tag-usac"],"_links":{"self":[{"href":"https:\/\/ciidgt.org\/catarsis\/wp-json\/wp\/v2\/posts\/405","targetHints":{"allow":["GET"]}}],"collection":[{"href":"https:\/\/ciidgt.org\/catarsis\/wp-json\/wp\/v2\/posts"}],"about":[{"href":"https:\/\/ciidgt.org\/catarsis\/wp-json\/wp\/v2\/types\/post"}],"author":[{"embeddable":true,"href":"https:\/\/ciidgt.org\/catarsis\/wp-json\/wp\/v2\/users\/1"}],"replies":[{"embeddable":true,"href":"https:\/\/ciidgt.org\/catarsis\/wp-json\/wp\/v2\/comments?post=405"}],"version-history":[{"count":1,"href":"https:\/\/ciidgt.org\/catarsis\/wp-json\/wp\/v2\/posts\/405\/revisions"}],"predecessor-version":[{"id":407,"href":"https:\/\/ciidgt.org\/catarsis\/wp-json\/wp\/v2\/posts\/405\/revisions\/407"}],"wp:featuredmedia":[{"embeddable":true,"href":"https:\/\/ciidgt.org\/catarsis\/wp-json\/wp\/v2\/media\/406"}],"wp:attachment":[{"href":"https:\/\/ciidgt.org\/catarsis\/wp-json\/wp\/v2\/media?parent=405"}],"wp:term":[{"taxonomy":"category","embeddable":true,"href":"https:\/\/ciidgt.org\/catarsis\/wp-json\/wp\/v2\/categories?post=405"},{"taxonomy":"post_tag","embeddable":true,"href":"https:\/\/ciidgt.org\/catarsis\/wp-json\/wp\/v2\/tags?post=405"}],"curies":[{"name":"wp","href":"https:\/\/api.w.org\/{rel}","templated":true}]}}