{"id":409,"date":"2023-02-04T16:31:13","date_gmt":"2023-02-04T16:31:13","guid":{"rendered":"https:\/\/ciidgt.org\/catarsis\/?p=409"},"modified":"2023-02-04T16:31:40","modified_gmt":"2023-02-04T16:31:40","slug":"viviendo-en-estado-de-alarma-infinita","status":"publish","type":"post","link":"https:\/\/ciidgt.org\/catarsis\/viviendo-en-estado-de-alarma-infinita\/","title":{"rendered":"Viviendo en estado de alarma infinita"},"content":{"rendered":"\n<p>Tres a\u00f1os en el cargo de presidente a Giammattei le han bastado para convertirse en el centro de gravedad del sistema pol\u00edtico guatemalteco, algo que no logr\u00f3 durante 20 a\u00f1os estando de eterno candidato. Esto se ha logrado porque \u00e9l encarna como nadie, la reestructura del sistema mafioso y clientelar que se ha ido construyendo a lo largo de los a\u00f1os y que la CICIG intento desarticular sin \u00e9xito. Con el apoyo del sector empresarial, el respaldo de los caudillos pol\u00edticos conservadores y el sostenimiento de la c\u00fapula militar, Giammattei ha logrado amalgamar todos los intereses posibles entorno de tres objetivos b\u00e1sicos; legalizar la corrupci\u00f3n propia y la de aliados y conocidos, consolidar la cooptaci\u00f3n del estado basado en el sistema de justicia y cohabitar con el crimen organizado garantizando un sistema ad hoc a sus necesidades de expansi\u00f3n y desarrollo. Visto as\u00ed, guste o no, el balance del Gobierno de Alejandro Giammattei han sido exitosos, tanto por lo alcanzado en el tema de cooptaci\u00f3n del estado, como por el crecimiento econ\u00f3mico logrado en plena pandemia que ha beneficiado al gran empresario y oxigenando un modelo econ\u00f3mico en bancarrota con un costo social alt\u00edsimo, pero sin poner en peligro la continuidad y profundizaci\u00f3n del r\u00e9gimen.<\/p>\n\n\n\n<p>En lo social, la clase media urbana sostiene el rumbo conservador del pa\u00eds a pesar de su deterioro en t\u00e9rminos de bienestar. La precariedad del empleo, la reducci\u00f3n de los espacios formales de trabajo hace que este sector viva al l\u00edmite de la pobreza, pero siguen aferrados a los privilegios que el sistema les ha dado, por lo tanto, el reclamo por una justicia social no forma parte de sus reivindicaciones. Es m\u00e1s, los reclamos sociales que provienen del campo, del sector campesino rural, por las condiciones de pobreza y exclusi\u00f3n en que se encuentra, son duramente criticados por esa clase media que asume a los movimientos sociales, campesinos e ind\u00edgenas como un peligro a su propia subsistencia.<\/p>\n\n\n\n<p>En el plano pol\u00edtico no existe una oposici\u00f3n como tal. Hay un conglomerado de partidos funcionales al sistema y una izquierda otrora revolucionaria que evoluci\u00f3n hasta convertirse en expresi\u00f3n de la nada, con dirigentes acomodados al esca\u00f1o y un discurso difuso, sin sustancia y sin apelo con la poblaci\u00f3n. &nbsp;Desde luego que no est\u00e1n a la altura de la crisis sist\u00e9mica del pa\u00eds y solo son una herramienta m\u00e1s para subsidiar la miseria existente en la vieja pol\u00edtica.<\/p>\n\n\n\n<p>Toda la maquinaria del pacto de corruptos jugo un papel activo en relativizar los \u201cmalos manejos\u201d de los asuntos del estado. Los asuntos de corrupci\u00f3n propios, se tapan felizmente con aparato de justicia al servicio del sistema, teniendo operadores pol\u00edticos incrustados en cada una de las instancias judiciales y administrativas del estado para preservar el sistema. Por eso, la no inscripci\u00f3n del binomio presidencia presentado por el Movimiento de Liberaci\u00f3n de los Pueblos se rechaz\u00f3. Y no es cierto que lo hacen por miedo a lo que las encuestas dicen sobre Thelma Cabrera, m\u00e1s bien, lo hacen por que tienen el poder de hacerlo y pueden implementar esa y otras medidas, con un costo relativamente bajo, sin que ese poder se vea cuestionado.<\/p>\n\n\n\n<p>La alianza de conveniencia que se dio entre los sectores dominantes del empresariado y el crimen organizado al inici\u00f3 de la crisis del gobierno del Patriota se consum\u00f3 y con el tiempo se convirti\u00f3 en una alianza de clase estrat\u00e9gica y fundamental para apartar toda oposici\u00f3n al r\u00e9gimen. Al empresario no le importa si mucho de los candidatos que se est\u00e1n presentando tenga v\u00ednculos expl\u00edcitos con el crimen organizado, si la candidata estrella de ese gremio tiene impedimento constitucional, pero aun as\u00ed participar\u00e1.<\/p>\n\n\n\n<p>Est\u00e1s elecciones muestran que esa unidad de acci\u00f3n se consolido y se transform\u00f3 en una alianza funcional y operativa para mantener la hegemon\u00eda del r\u00e9gimen. Es a todas luces la culminaci\u00f3n perfecta para la guerra contra el comunismo, pues con ese relato se logra una derrota pol\u00edtica del espectro popular, frente al atrevimiento que a\u00fan exist\u00eda de convertir al pa\u00eds en una democracia funcional y se propina una marginaci\u00f3n, ya sea por la v\u00eda judicial \u2013 penal, o por la represi\u00f3n dura y directa contra todo aquel que se oponga al narco estado capitalista neoliberal.<\/p>\n\n\n\n<p>La prueba de esto es la conducci\u00f3n econ\u00f3mica que contin\u00faa funcionando como siempre, con estabilidad macroecon\u00f3mica que dan la impresi\u00f3n que todo funciona a la maravilla y genera un espejismo de prosperidad que no existe en la realidad. El discurso neoliberal imperante se reproduce, incluso en las esferas del espectro pol\u00edtico de izquierda, mientras el crimen y el narcotr\u00e1fico cooptan los espacios pol\u00edticos de elecci\u00f3n y se posicionan, ya no como parte del financiamiento il\u00edcito, m\u00e1s bien, como candidatos con derecho a ganar y mantener el poder local, regional y legislativo \u2013 judicial.<\/p>\n\n\n\n<p>En esa coyuntura al mandatario que va de salida, con o sin enfermedad de por medio, solo le queda garantizar que esto continu\u00e9 funcionando como hasta ahora y luego velar porque sus principales allegados puedan gozar con impunidad e inmunidad, de lo ganado en estos a\u00f1os de servicio p\u00fablico. &nbsp;<\/p>\n\n\n\n<a href=\"https:\/\/publicogt.com\">\n<img loading=\"lazy\" decoding=\"async\" alt=\"publico\" src=\" https:\/\/ciidgt.org\/catarsis\/wp-content\/uploads\/2023\/02\/publico.png \" width=\"225\" height=\"75\"><\/a>\n\n","protected":false},"excerpt":{"rendered":"<p>Tres a\u00f1os en el cargo de presidente a Giammattei le han bastado para convertirse en el centro de gravedad del sistema pol\u00edtico guatemalteco, algo que no logr\u00f3 durante 20 a\u00f1os estando de eterno candidato. Esto se ha logrado porque \u00e9l encarna como nadie, la reestructura del sistema mafioso y clientelar que se ha ido construyendo [&hellip;]<\/p>\n","protected":false},"author":1,"featured_media":410,"comment_status":"closed","ping_status":"closed","sticky":false,"template":"","format":"standard","meta":{"footnotes":""},"categories":[5],"tags":[41,58,48,43],"class_list":["post-409","post","type-post","status-publish","format-standard","has-post-thumbnail","hentry","category-politica","tag-guatemala","tag-mlp","tag-neoliberalismo","tag-pobreza-2"],"_links":{"self":[{"href":"https:\/\/ciidgt.org\/catarsis\/wp-json\/wp\/v2\/posts\/409","targetHints":{"allow":["GET"]}}],"collection":[{"href":"https:\/\/ciidgt.org\/catarsis\/wp-json\/wp\/v2\/posts"}],"about":[{"href":"https:\/\/ciidgt.org\/catarsis\/wp-json\/wp\/v2\/types\/post"}],"author":[{"embeddable":true,"href":"https:\/\/ciidgt.org\/catarsis\/wp-json\/wp\/v2\/users\/1"}],"replies":[{"embeddable":true,"href":"https:\/\/ciidgt.org\/catarsis\/wp-json\/wp\/v2\/comments?post=409"}],"version-history":[{"count":2,"href":"https:\/\/ciidgt.org\/catarsis\/wp-json\/wp\/v2\/posts\/409\/revisions"}],"predecessor-version":[{"id":413,"href":"https:\/\/ciidgt.org\/catarsis\/wp-json\/wp\/v2\/posts\/409\/revisions\/413"}],"wp:featuredmedia":[{"embeddable":true,"href":"https:\/\/ciidgt.org\/catarsis\/wp-json\/wp\/v2\/media\/410"}],"wp:attachment":[{"href":"https:\/\/ciidgt.org\/catarsis\/wp-json\/wp\/v2\/media?parent=409"}],"wp:term":[{"taxonomy":"category","embeddable":true,"href":"https:\/\/ciidgt.org\/catarsis\/wp-json\/wp\/v2\/categories?post=409"},{"taxonomy":"post_tag","embeddable":true,"href":"https:\/\/ciidgt.org\/catarsis\/wp-json\/wp\/v2\/tags?post=409"}],"curies":[{"name":"wp","href":"https:\/\/api.w.org\/{rel}","templated":true}]}}