{"id":421,"date":"2023-03-07T17:31:40","date_gmt":"2023-03-07T17:31:40","guid":{"rendered":"https:\/\/ciidgt.org\/catarsis\/?p=421"},"modified":"2023-03-08T13:31:55","modified_gmt":"2023-03-08T13:31:55","slug":"ejercito-firme-y-leal-al-cacif","status":"publish","type":"post","link":"https:\/\/ciidgt.org\/catarsis\/ejercito-firme-y-leal-al-cacif\/","title":{"rendered":"Ej\u00e9rcito firme y leal al Cacif"},"content":{"rendered":"\n<p>El Ministerio de la Defensa present\u00f3 el libro verde de la defensa nacional, cuyo objetivo es proteger y asegurar que los \u201crecursos estrat\u00e9gicos\u201d necesarios para el crecimiento y el desarrollo econ\u00f3mico est\u00e9n a disposici\u00f3n del pa\u00eds.<\/p>\n\n\n\n<p>Aqu\u00ed surgen las primeras dudas. Por qu\u00e9 un ej\u00e9rcito cuya funci\u00f3n est\u00e1 claramente definida en la Constituci\u00f3n se convierte en firme impulsor del crecimiento econ\u00f3mico y en protector del ambiente, al mismo tiempo. Acaso no existen instituciones del Estado encargadas de dichos objetivos con mejor experticia en esos temas que un ministerio de defensa.<\/p>\n\n\n\n<p>Visto as\u00ed el asunto, quiz\u00e1s el verdadero prop\u00f3sito de la \u201cdoctrina verde\u201d del ej\u00e9rcito, sea el preservar el acceso, uso y disfrute de los beneficios econ\u00f3micos que genera la explotaci\u00f3n del medio natural y sus recursos. En pocas palabras, profundizar en el modelo extractivista, para darle protecci\u00f3n al propietario de las mineras, hidroel\u00e9ctricas y dem\u00e1s industrias extractivas.<\/p>\n\n\n\n<p>Otro asunto preocupante es que el tema de la seguridad nacional que se mezcla de manera mal explicada o quiz\u00e1s hasta mal intencionada con los temas de tierras comunales, territorios de pueblos ind\u00edgenas y poblaci\u00f3n rural, presentando la defensa y no la preservaci\u00f3n de los recursos naturales, como un mecanismo para generar un valor estrat\u00e9gico, pero dejando afuera de toda protecci\u00f3n la integridad de las personas y, sobre todo, el derecho de preservar su cosmovisi\u00f3n sobre la naturaleza y sus medios de vida.<\/p>\n\n\n\n<p>El libro verde puntualiza en el papel del crecimiento econ\u00f3mico y el papel que juegan los recursos naturales como capital natural, no como naturaleza, ni como recursos comunitarios, ni tampoco como bien natural. Es una defensa del orden neoliberal para el acceso a los bienes naturales.<\/p>\n\n\n\n<p>Esa estrategia pretende impulsar procesos y modelos de uso y sostenibilidad sobre la base del concepto de \u201ccapital natural\u201d, lo que implica reconocer a la naturaleza como activo financiero que puede explotarse para un beneficio particular, en funci\u00f3n de convertir esos recursos en bienes econ\u00f3micos.<\/p>\n\n\n\n<p>En otras palabras, es reconocer el acceso de los inversionistas a zonas protegidas, a utilizar los recursos de los territorios de los pueblos que ah\u00ed habitan y preservar las capacidades de explotaci\u00f3n de los recursos, en desmedro de los medios de vida de las comunidades, a pesar que se diga lo contrario.<\/p>\n\n\n\n<p>La cuesti\u00f3n clave es c\u00f3mo se interpreta ese \u201cvalor estrat\u00e9gico\u201d que dicen proteger, y cu\u00e1l ser\u00e1 la forma de alcanzar las capacidades que est\u00e1 nueva visi\u00f3n adopta. Al final son las respuestas las que definir\u00e1n la pol\u00edtica, pues el documento en menci\u00f3n, no aporta, ni clarifica en c\u00f3mo se har\u00e1 posible la protecci\u00f3n de ese \u201cvalor estrat\u00e9gico\u201d.<\/p>\n\n\n\n<p>Lo que llama la atenci\u00f3n es que dicho documento se presenta d\u00edas antes del llamado que hace la C\u00e1mara de Industria para lo que ellos llaman \u201cLa batalla cultural\u201d, que no es m\u00e1s que un posicionamiento sobre diversos temas de la agenda globalista que est\u00e1n de moda en el pa\u00eds.<\/p>\n\n\n\n<p>Despierta bastante suspicacia ese hecho, tomando en cuenta que es la derecha fascista y ultra conservadora, que ahora conduce la C\u00e1mara de Industria, lo que en realidad est\u00e1 impulsando son \u201clas ideas de la nueva derecha\u201d latinoamericana, que felizmente coincide con el planteamiento \u201cambiental\u201d que recoge el libro verde.<\/p>\n\n\n\n<p>Al mismo tiempo existe toda una campa\u00f1a institucional para dejar afuera de toda participaci\u00f3n pol\u00edtica al MLP, brazo pol\u00edtico del movimiento campesino, a qui\u00e9n por cierto acusan de robo de electricidad y que desde el Congreso apuestan por una ley que convierta dicho movimiento en proscrito. &nbsp;<\/p>\n\n\n\n<p>Por eso resulta bastante chocante que esta nueva doctrina empate a la perfecci\u00f3n con esa visi\u00f3n dominante de convertir a la naturaleza en capital y en beneficios econ\u00f3micos, y que en paralelo se quiera brindar el acceso garantizado con protecci\u00f3n militar a los bienes naturales llamados \u201crecursos estrat\u00e9gicos\u201d, para beneficios particular en desmedro de la gente. Y que el libro verde, pretenda proteger el extractivismo que impulsan las c\u00e1maras patronales, que no hacen m\u00e1s que destruir los medios de vida y el bienestar de los pueblos que habitan en los territorios, todo y m\u00e1s tiene esta nueva doctrina militar.<\/p>\n","protected":false},"excerpt":{"rendered":"<p>El Ministerio de la Defensa present\u00f3 el libro verde de la defensa nacional, cuyo objetivo es proteger y asegurar que los \u201crecursos estrat\u00e9gicos\u201d necesarios para el crecimiento y el desarrollo econ\u00f3mico est\u00e9n a disposici\u00f3n del pa\u00eds. Aqu\u00ed surgen las primeras dudas. Por qu\u00e9 un ej\u00e9rcito cuya funci\u00f3n est\u00e1 claramente definida en la Constituci\u00f3n se convierte [&hellip;]<\/p>\n","protected":false},"author":1,"featured_media":422,"comment_status":"closed","ping_status":"closed","sticky":false,"template":"","format":"standard","meta":{"footnotes":""},"categories":[5],"tags":[73,71,72,74],"class_list":["post-421","post","type-post","status-publish","format-standard","has-post-thumbnail","hentry","category-politica","tag-ambiente","tag-batalla-cultural","tag-neoliberal","tag-valor-estrategico"],"_links":{"self":[{"href":"https:\/\/ciidgt.org\/catarsis\/wp-json\/wp\/v2\/posts\/421","targetHints":{"allow":["GET"]}}],"collection":[{"href":"https:\/\/ciidgt.org\/catarsis\/wp-json\/wp\/v2\/posts"}],"about":[{"href":"https:\/\/ciidgt.org\/catarsis\/wp-json\/wp\/v2\/types\/post"}],"author":[{"embeddable":true,"href":"https:\/\/ciidgt.org\/catarsis\/wp-json\/wp\/v2\/users\/1"}],"replies":[{"embeddable":true,"href":"https:\/\/ciidgt.org\/catarsis\/wp-json\/wp\/v2\/comments?post=421"}],"version-history":[{"count":2,"href":"https:\/\/ciidgt.org\/catarsis\/wp-json\/wp\/v2\/posts\/421\/revisions"}],"predecessor-version":[{"id":424,"href":"https:\/\/ciidgt.org\/catarsis\/wp-json\/wp\/v2\/posts\/421\/revisions\/424"}],"wp:featuredmedia":[{"embeddable":true,"href":"https:\/\/ciidgt.org\/catarsis\/wp-json\/wp\/v2\/media\/422"}],"wp:attachment":[{"href":"https:\/\/ciidgt.org\/catarsis\/wp-json\/wp\/v2\/media?parent=421"}],"wp:term":[{"taxonomy":"category","embeddable":true,"href":"https:\/\/ciidgt.org\/catarsis\/wp-json\/wp\/v2\/categories?post=421"},{"taxonomy":"post_tag","embeddable":true,"href":"https:\/\/ciidgt.org\/catarsis\/wp-json\/wp\/v2\/tags?post=421"}],"curies":[{"name":"wp","href":"https:\/\/api.w.org\/{rel}","templated":true}]}}