{"id":433,"date":"2023-04-14T01:15:18","date_gmt":"2023-04-14T01:15:18","guid":{"rendered":"https:\/\/ciidgt.org\/catarsis\/?p=433"},"modified":"2023-04-14T01:17:55","modified_gmt":"2023-04-14T01:17:55","slug":"433-2","status":"publish","type":"post","link":"https:\/\/ciidgt.org\/catarsis\/433-2\/","title":{"rendered":"Todos quieren visitar B\u011bij\u012bng"},"content":{"rendered":"\n<p>Primero fue el espa\u00f1ol Pedro S\u00e1nchez, luego lleg\u00f3 Emmanuel Macron presidente franc\u00e9s con Ursula von der Leyen jefa de la Uni\u00f3n Europea, ahora el turno es de Annalena Baerbock ministra de relaciones exteriores de Alemania. Todos llegan buscando un hueco en la recomposici\u00f3n del nuevo orden multipolar.<\/p>\n\n\n\n<p>Al parecer la Uni\u00f3n Europea se ha dado cuenta, quiz\u00e1s demasiado tarde, que su alianza irrestricta con Estados Unidos le lleva por un callej\u00f3n sin salida. Europa no quiere, pero puede serlo, vasallo de Estados Unidos.<\/p>\n\n\n\n<p>Por eso las declaraciones del franc\u00e9s Macron, de buscar una pol\u00edtica exterior m\u00e1s independiente no sentaron bien en Estados Unidos, al grado que el senador Marco Rubio reaccion\u00f3 de forma airada contra la postura francesa.<\/p>\n\n\n\n<p>\u00abSer un aliado no significa ser un vasallo\u2026 no significa que no tengamos derecho a pensar por nosotros mismos\u00bb, apoyando la pol\u00edtica de una solo china, en clara alusi\u00f3n a el diferendo con Taiw\u00e1n que asume la administraci\u00f3n Biden.<\/p>\n\n\n\n<p>Ahora es el turno de la ministra alemana que visita en norte de China, en medio de un debate sobre la autonom\u00eda estrat\u00e9gica de la Uni\u00f3n Europea frente a la pol\u00edtica exterior de Estados Unidos. Al respeto, Cui Hongjian, director del Departamento. de Estudios Europeos del Instituto de Estudios Internacionales de China, dijo al Global Times: \u00abSolo cuando Alemania asegure su estatus dentro de Europa podr\u00e1 desempe\u00f1ar un papel m\u00e1s importante en el bloque\u00bb, en clara alusi\u00f3n a la postura actual de ese pa\u00eds en el conflicto en Ucrania, en donde Alemania ha sido perjudicada en favor de Estados Unidos.<\/p>\n\n\n\n<p>La guerra en Ucrania gener\u00f3 una serie de sanciones contra Rusia, cuyo \u00fanico objetivo era erosionar la base econ\u00f3mica de los rusos, pero logr\u00f3 lo contrario y fren\u00f3 el crecimiento alem\u00e1n. Un proceso de desindustrializaci\u00f3n creciente, afectando principalmente la industria que baso su crecimiento sobre la energ\u00eda del petr\u00f3leo y gas ruso.<\/p>\n\n\n\n<p>Mientras la Uni\u00f3n Europea discute su postura exterior, la diplomacia china va sumando espacios y protagonismo. La guerra en Yemen puede estar llegando a su fin. Antes logr\u00f3 un acuerdo entre Ir\u00e1n y Arabia Saudita que est\u00e1 modificando la conflictividad del medio oriente. La distensi\u00f3n llego hasta Siria y ahora el turno es de Yemen. Lo asombroso de todo este proceso es la no participaci\u00f3n de Estados Unidos y el papel que China est\u00e1 jugado.<\/p>\n\n\n\n<p>Estados Unidos est\u00e1 preocupado por el cambio que ocurre en Oriente Medio y su p\u00e9rdida de protagonismo. Un proceso que no ha contado con su participaci\u00f3n y que va en contra de sus objetivos fundamentales. As\u00ed, por fin en la Uni\u00f3n Europea, se dan cuenta del papel que est\u00e1 desempe\u00f1ando China en este re acomodo de las potencias mundiales.<\/p>\n\n\n\n<p>La pol\u00edtica exterior de la Uni\u00f3n Europea clasifica a China como un \u201crival sist\u00e9mico\u201d, en concordancia con Estados Unidos y la OTAN. Alemania, previo al viaje de su ministra, reconoci\u00f3 que China es un jugador global que cada vez quiere \u201cdar forma al orden mundial de acuerdo a sus propios dise\u00f1os\u201d. Lo que eso significa que no sigue los par\u00e1metros de la globalizaci\u00f3n neoliberal basada en reglas impuestas por Estados Unidos.<\/p>\n\n\n\n<p>Ahora mismo, el presidente Lula da Silva de Brasil se encuentra en la capital china. El objetivo es afianzar su alianza comercial con China, dos pa\u00edses miembros de los Brics. El presidente dijo en su cuenta de twitter: \u201cEstamos de vuelta en la escena internacional despu\u00e9s de una ausencia inexplicable\u201d. &nbsp;Lo que no dijo cuando regreso de Washington despu\u00e9s de su reuni\u00f3n con Biden, a d\u00f3nde fue para acordar frenar el golpe que Bolsonaro impuls\u00f3 contra su gobierno. &nbsp;<\/p>\n\n\n\n<p>En pocos meses, China est\u00e1 asumiendo el papel de pa\u00eds potencia en un mundo en transici\u00f3n. Por ahora, sin disputar directamente la hegemon\u00eda pol\u00edtica a Estados Unidos, pero si desafiando a ese pa\u00eds en el campo militar. En otras palabras, la gobernanza global debe ahora contar con China. Y de eso se han dado cuenta varios pa\u00edses en el mundo.<\/p>\n\n\n\n<p>As\u00ed que ahora China, en alianza estrategia con Rusia, est\u00e1n planteando el mayor desaf\u00edo al poder\u00edo de Estados Unidos. Eso puede explicar el peregrinaje de diversos l\u00edderes pol\u00edticos a ese pa\u00eds. Si est\u00e1 claro es que la Casa Blanca deja de ser un lugar de negociaci\u00f3n.<\/p>\n","protected":false},"excerpt":{"rendered":"<p>Primero fue el espa\u00f1ol Pedro S\u00e1nchez, luego lleg\u00f3 Emmanuel Macron presidente franc\u00e9s con Ursula von der Leyen jefa de la Uni\u00f3n Europea, ahora el turno es de Annalena Baerbock ministra de relaciones exteriores de Alemania. Todos llegan buscando un hueco en la recomposici\u00f3n del nuevo orden multipolar. Al parecer la Uni\u00f3n Europea se ha dado [&hellip;]<\/p>\n","protected":false},"author":1,"featured_media":436,"comment_status":"closed","ping_status":"closed","sticky":false,"template":"","format":"standard","meta":{"footnotes":""},"categories":[10,13,5],"tags":[14,69,18,15],"class_list":["post-433","post","type-post","status-publish","format-standard","has-post-thumbnail","hentry","category-globalizacion","category-internacional","category-politica","tag-brasil","tag-china","tag-eeuu","tag-lula"],"_links":{"self":[{"href":"https:\/\/ciidgt.org\/catarsis\/wp-json\/wp\/v2\/posts\/433","targetHints":{"allow":["GET"]}}],"collection":[{"href":"https:\/\/ciidgt.org\/catarsis\/wp-json\/wp\/v2\/posts"}],"about":[{"href":"https:\/\/ciidgt.org\/catarsis\/wp-json\/wp\/v2\/types\/post"}],"author":[{"embeddable":true,"href":"https:\/\/ciidgt.org\/catarsis\/wp-json\/wp\/v2\/users\/1"}],"replies":[{"embeddable":true,"href":"https:\/\/ciidgt.org\/catarsis\/wp-json\/wp\/v2\/comments?post=433"}],"version-history":[{"count":2,"href":"https:\/\/ciidgt.org\/catarsis\/wp-json\/wp\/v2\/posts\/433\/revisions"}],"predecessor-version":[{"id":437,"href":"https:\/\/ciidgt.org\/catarsis\/wp-json\/wp\/v2\/posts\/433\/revisions\/437"}],"wp:featuredmedia":[{"embeddable":true,"href":"https:\/\/ciidgt.org\/catarsis\/wp-json\/wp\/v2\/media\/436"}],"wp:attachment":[{"href":"https:\/\/ciidgt.org\/catarsis\/wp-json\/wp\/v2\/media?parent=433"}],"wp:term":[{"taxonomy":"category","embeddable":true,"href":"https:\/\/ciidgt.org\/catarsis\/wp-json\/wp\/v2\/categories?post=433"},{"taxonomy":"post_tag","embeddable":true,"href":"https:\/\/ciidgt.org\/catarsis\/wp-json\/wp\/v2\/tags?post=433"}],"curies":[{"name":"wp","href":"https:\/\/api.w.org\/{rel}","templated":true}]}}