{"id":449,"date":"2023-07-13T17:12:09","date_gmt":"2023-07-13T17:12:09","guid":{"rendered":"https:\/\/ciidgt.org\/catarsis\/?p=449"},"modified":"2023-07-13T17:12:10","modified_gmt":"2023-07-13T17:12:10","slug":"de-golpe-en-golpe","status":"publish","type":"post","link":"https:\/\/ciidgt.org\/catarsis\/de-golpe-en-golpe\/","title":{"rendered":"De golpe en golpe"},"content":{"rendered":"\n<p>Al escuchar al fiscal Curruchiche invocando la ley como instrumento para frenar al Movimiento Semilla, por un momento sent\u00ed que estaba escuchando los sermones del genocida R\u00edos Montt en tiempo de la guerra.<\/p>\n\n\n\n<p>Pero al ver a la fiscal Cinthia Monterroso, en un alarde de fuerza y brutalidad, allanar las instalaciones del Registro de Ciudadanos del Tribunal Supremo Electoral, uno cae en la cuenta que nunca se abandon\u00f3 la pol\u00edtica contrainsurgente y que la presencia de polic\u00edas de la direcci\u00f3n de inteligencia con el rostro cubierto con pasamonta\u00f1as solo es una muestra m\u00e1s que el poder de facto seguir\u00e1 gobernando este pa\u00eds. Es la dictadura fascista que reclama su poder y que se niega a perder el control del Estado.<\/p>\n\n\n\n<p>Lo que hacen ahora no es una intervenci\u00f3n militar tradicional, con generales dispuestos a disparar a la gente que protesta. Pero por supuesto que s\u00ed es un golpe institucional, ilegal y violento. Es tambi\u00e9n una acci\u00f3n desvergonzada y siniestra para reconducir, reorientar y consolidar la cooptaci\u00f3n del pa\u00eds, con la intensi\u00f3n clara y manifiesta de designar a Manuel Conde como presidente.<\/p>\n\n\n\n<p>Con la suspensi\u00f3n del partido Semilla pr\u00e1cticamente se est\u00e1 desconociendo la voluntad popular e irrespetando la propia ley electoral. De hecho, la supuesta democracia y el supuesto estado de derecho, no solo quedan vulnerados, tambi\u00e9n los derechos ciudadanos quedan suspendidos, supeditados a las decisiones de un juez que solo responde a los dictados de los sicarios judiciales.<\/p>\n\n\n\n<p>Y quienes se animaron en la planificaci\u00f3n son los que conducen de facto al sector justicia. Y la l\u00f3gica dice que atr\u00e1s de todo est\u00e1 fundaterror, que representa al ala m\u00e1s radical de la derecha fascista del pa\u00eds. Pero tambi\u00e9n participan de forma directa la inteligencia militar, una parte de las \u00e9lites empresariales, las m\u00e1s reaccionarias y vinculadas a la corrupci\u00f3n, con el respaldo de los pastores de la corrupci\u00f3n y la clase pol\u00edtica corrupta. A la cabeza de este esfuerzo est\u00e1 el propio Giammattei. &nbsp;&nbsp;<\/p>\n\n\n\n<p>No les funcion\u00f3 el conteo de votos y tampoco los amparos contra el proceso. As\u00ed que el \u00faltimo cartucho que les queda es un golpe a la propia institucionalidad del pa\u00eds.<\/p>\n\n\n\n<p>Por eso, los magistrados del TSE alegaron ignorancia cuando se les interpel\u00f3 sobre la violaci\u00f3n flagrante de la ley electoral. El juez Orellana, qui\u00e9n en un abuso de autoridad y bajo amenaza, le da 24 horas al registro de ciudadanos para anular la personer\u00eda jur\u00eddica de Semilla, es el mismo que actu\u00f3 en contra de Jos\u00e9 Rub\u00e9n Zamora y Juan Francisco Sandoval.<\/p>\n\n\n\n<p>En esta coyuntura, si todo les sale bien a estos cruzados, Manuel Conde ser\u00e1 impuesto como presidente y s\u00f3lo les queda conseguir que los guatemaltecos lo aceptemos. Si no ocurre antes una movilizaci\u00f3n popular que exija y logre la renuncia de Consuelo Porras y Alejandro Giammattei, el golpe estar\u00e1 consumado.<\/p>\n","protected":false},"excerpt":{"rendered":"<p>Al escuchar al fiscal Curruchiche invocando la ley como instrumento para frenar al Movimiento Semilla, por un momento sent\u00ed que estaba escuchando los sermones del genocida R\u00edos Montt en tiempo de la guerra. Pero al ver a la fiscal Cinthia Monterroso, en un alarde de fuerza y brutalidad, allanar las instalaciones del Registro de Ciudadanos [&hellip;]<\/p>\n","protected":false},"author":1,"featured_media":450,"comment_status":"closed","ping_status":"closed","sticky":false,"template":"","format":"standard","meta":{"footnotes":""},"categories":[5],"tags":[56,47],"class_list":["post-449","post","type-post","status-publish","format-standard","has-post-thumbnail","hentry","category-politica","tag-elecciones","tag-golpe-de-estado"],"_links":{"self":[{"href":"https:\/\/ciidgt.org\/catarsis\/wp-json\/wp\/v2\/posts\/449","targetHints":{"allow":["GET"]}}],"collection":[{"href":"https:\/\/ciidgt.org\/catarsis\/wp-json\/wp\/v2\/posts"}],"about":[{"href":"https:\/\/ciidgt.org\/catarsis\/wp-json\/wp\/v2\/types\/post"}],"author":[{"embeddable":true,"href":"https:\/\/ciidgt.org\/catarsis\/wp-json\/wp\/v2\/users\/1"}],"replies":[{"embeddable":true,"href":"https:\/\/ciidgt.org\/catarsis\/wp-json\/wp\/v2\/comments?post=449"}],"version-history":[{"count":1,"href":"https:\/\/ciidgt.org\/catarsis\/wp-json\/wp\/v2\/posts\/449\/revisions"}],"predecessor-version":[{"id":451,"href":"https:\/\/ciidgt.org\/catarsis\/wp-json\/wp\/v2\/posts\/449\/revisions\/451"}],"wp:featuredmedia":[{"embeddable":true,"href":"https:\/\/ciidgt.org\/catarsis\/wp-json\/wp\/v2\/media\/450"}],"wp:attachment":[{"href":"https:\/\/ciidgt.org\/catarsis\/wp-json\/wp\/v2\/media?parent=449"}],"wp:term":[{"taxonomy":"category","embeddable":true,"href":"https:\/\/ciidgt.org\/catarsis\/wp-json\/wp\/v2\/categories?post=449"},{"taxonomy":"post_tag","embeddable":true,"href":"https:\/\/ciidgt.org\/catarsis\/wp-json\/wp\/v2\/tags?post=449"}],"curies":[{"name":"wp","href":"https:\/\/api.w.org\/{rel}","templated":true}]}}