{"id":491,"date":"2023-11-23T02:58:54","date_gmt":"2023-11-23T02:58:54","guid":{"rendered":"https:\/\/ciidgt.org\/catarsis\/?p=491"},"modified":"2023-11-23T02:58:55","modified_gmt":"2023-11-23T02:58:55","slug":"semana-de-infarto","status":"publish","type":"post","link":"https:\/\/ciidgt.org\/catarsis\/semana-de-infarto\/","title":{"rendered":"Semana de infarto"},"content":{"rendered":"\n<p>Mario Rodr\u00edguez Acosta<\/p>\n\n\n\n<p>En Guatemala, el golpe de Estado contin\u00faa con la persistente ofensiva del Ministerio P\u00fablico en contra del \u00e9xito de Bernardo Ar\u00e9valo en las elecciones. Aunque la acusaci\u00f3n inicial de irregularidades en las firmas fue insignificante, ahora agregan el cargo de sedici\u00f3n y asociaci\u00f3n criminal para solicitar levantar la inmunidad que goza Ar\u00e9valo y as\u00ed gestionar \u00f3rdenes de captura contra el presidente electo, evitando con ello que este jure su cargo el 14 a las 14 horas.<\/p>\n\n\n\n<p>Aunque las opciones de concretar dicho golpe de Estado disminuyen con el tiempo, Consuelo Porras y Alejandro Giammattei insisten con argumentos cada vez m\u00e1s elaborados y rebuscados. Su tesis plagiada tiene m\u00e1s originalidad de lo que la fiscal\u00eda ha podido presentar en los \u00faltimos casos y las acciones que justifican sus acciones se basan en denuncias espurias.<\/p>\n\n\n\n<p>Para enfatizar en lo avanzado del golpe de Estado basta con leer el \u00faltimo comunicado de las c\u00e1maras patronales del CACIF, en donde abiertamente dan su visto bueno para gestionar desde la nueva Corte Suprema de Justicia el golpe institucional contra las elecciones y m\u00e1s concretamente contra el binomio de Semilla. El CACIF reafirma su confianza en las instituciones del sistema judicial, sin mencionar ni por asomo a Bernardo Ar\u00e9valo, ni reconocer su triunfo en las elecciones y mucho menos condenar el golpe en marcha, m\u00e1s bien dan su aprobaci\u00f3n para lo que puedan resolver en forma gen\u00e9rica.<\/p>\n\n\n\n<p>Desde el Congreso de la Rep\u00fablica se promueve los procesos de antejuicio contra el vicepresidente y contra los magistrados del Tribunal Supremo Electoral, as\u00ed como la elecci\u00f3n de la nueva Corte Suprema de Justicia, la designaci\u00f3n de cargos en las salas de apelaciones y su integraci\u00f3n.<\/p>\n\n\n\n<p>En ese mismo sentido, seg\u00fan el diputado Montano, \u00c1ngel Pineda, secretario del Ministerio P\u00fablico dirige y gestiona a trav\u00e9s de la cuenta Yes Vander el net center del pacto de corruptos, lo que implica que los funcionarios de m\u00e1s alto perfil asumen un papel m\u00e1s protag\u00f3nico en est\u00e1 cruzada.<\/p>\n\n\n\n<p>Es una ofensiva en toda regla del pacto criminal y fascista, con una dimensi\u00f3n brutal. No solo por tratarse de las elecciones, m\u00e1s bien es desterrar del pa\u00eds a todo opositor y gestionar un narco estado a conveniencia de toda la membres\u00eda del pacto de corruptos. El Ministerio P\u00fablico expuso se estrategia en el primer d\u00eda de la audiencia de primera declaraci\u00f3n en el caso de la USAC. Seg\u00fan el fiscal, los imputados pertenecen a una banda criminal que no reconoce al \u201clegitimo\u201d ganador de la rector\u00eda de la Universidad. Algo que ellos no hacen con Bernardo Ar\u00e9valo. Luego, aducen que esta banda est\u00e1 ligada al partido Semilla y que desde ah\u00ed se utiliz\u00f3 como plataforma para obtener la presidencia.<\/p>\n\n\n\n<p>La pesquisa para anular la elecci\u00f3n de presidente toma forma de esa manera. La narrativa del MP es ligar a Bernardo Ar\u00e9valo y Karin Herrera a una banda criminal, levantar los antejuicios y pedir su captura, sin importar la presunci\u00f3n de inocencia y el debido proceso. Una vez logrado esto, declarar nula la elecci\u00f3n y solicitar al congreso que designe un presidente y vicepresidente para asumir el cargo para los pr\u00f3ximos cuatro a\u00f1os. As\u00ed Consuelo Porras cumplir\u00eda con Miguel Mart\u00ednez.<\/p>\n\n\n\n<p>En este momento, la cuesti\u00f3n importante es si realmente estamos en el final del golpe judicial o si a\u00fan no se ha visto lo peor que Consuelo Porras y Alejandro Giammattei nos han preparado. Esto significa que la primera quincena de diciembre ser\u00e1 crucial para determinar si el crimen organizado continuar\u00e1 dominando el pa\u00eds. Considero que lo peor de estas personas que se aferran con u\u00f1as y dientes al poder y disfrutan con impunidad de la cooptaci\u00f3n que han logrado, est\u00e1 por venir, y toca prepararse para lo peor.<\/p>\n","protected":false},"excerpt":{"rendered":"<p>Mario Rodr\u00edguez Acosta En Guatemala, el golpe de Estado contin\u00faa con la persistente ofensiva del Ministerio P\u00fablico en contra del \u00e9xito de Bernardo Ar\u00e9valo en las elecciones. Aunque la acusaci\u00f3n inicial de irregularidades en las firmas fue insignificante, ahora agregan el cargo de sedici\u00f3n y asociaci\u00f3n criminal para solicitar levantar la inmunidad que goza Ar\u00e9valo [&hellip;]<\/p>\n","protected":false},"author":1,"featured_media":493,"comment_status":"closed","ping_status":"closed","sticky":false,"template":"","format":"standard","meta":{"footnotes":""},"categories":[5],"tags":[84,88,47,63],"class_list":["post-491","post","type-post","status-publish","format-standard","has-post-thumbnail","hentry","category-politica","tag-bernardo-arevalo","tag-consuelo-porras","tag-golpe-de-estado","tag-usac"],"_links":{"self":[{"href":"https:\/\/ciidgt.org\/catarsis\/wp-json\/wp\/v2\/posts\/491","targetHints":{"allow":["GET"]}}],"collection":[{"href":"https:\/\/ciidgt.org\/catarsis\/wp-json\/wp\/v2\/posts"}],"about":[{"href":"https:\/\/ciidgt.org\/catarsis\/wp-json\/wp\/v2\/types\/post"}],"author":[{"embeddable":true,"href":"https:\/\/ciidgt.org\/catarsis\/wp-json\/wp\/v2\/users\/1"}],"replies":[{"embeddable":true,"href":"https:\/\/ciidgt.org\/catarsis\/wp-json\/wp\/v2\/comments?post=491"}],"version-history":[{"count":1,"href":"https:\/\/ciidgt.org\/catarsis\/wp-json\/wp\/v2\/posts\/491\/revisions"}],"predecessor-version":[{"id":494,"href":"https:\/\/ciidgt.org\/catarsis\/wp-json\/wp\/v2\/posts\/491\/revisions\/494"}],"wp:featuredmedia":[{"embeddable":true,"href":"https:\/\/ciidgt.org\/catarsis\/wp-json\/wp\/v2\/media\/493"}],"wp:attachment":[{"href":"https:\/\/ciidgt.org\/catarsis\/wp-json\/wp\/v2\/media?parent=491"}],"wp:term":[{"taxonomy":"category","embeddable":true,"href":"https:\/\/ciidgt.org\/catarsis\/wp-json\/wp\/v2\/categories?post=491"},{"taxonomy":"post_tag","embeddable":true,"href":"https:\/\/ciidgt.org\/catarsis\/wp-json\/wp\/v2\/tags?post=491"}],"curies":[{"name":"wp","href":"https:\/\/api.w.org\/{rel}","templated":true}]}}