{"id":524,"date":"2024-01-09T16:51:28","date_gmt":"2024-01-09T16:51:28","guid":{"rendered":"https:\/\/ciidgt.org\/catarsis\/?p=524"},"modified":"2024-01-09T16:51:29","modified_gmt":"2024-01-09T16:51:29","slug":"un-futuro-sin-cacif","status":"publish","type":"post","link":"https:\/\/ciidgt.org\/catarsis\/un-futuro-sin-cacif\/","title":{"rendered":"Un futuro sin Cacif"},"content":{"rendered":"\n<p>Mario Rodr\u00edguez Acosta<\/p>\n\n\n\n<p>El d\u00eda de ayer, el Movimiento Semilla dio a conocer los nombres de las personas que ocuparan los cargos en los distintos ministerios del Estado. Seg\u00fan sus promotores, es un gabinete hist\u00f3rico, porque existe una paridad en la composici\u00f3n del mismo.<\/p>\n\n\n\n<p>Sin embargo, dicha integraci\u00f3n no resulto del agrado de todos, incluyendo a buena parte de simpatizantes de Bernardo Ar\u00e9valo. Lo principal es la inclusi\u00f3n en dicho gabinete de personas vinculadas a las c\u00e1maras patronales y ex funcionarios que han hecho gobierno anteriormente, as\u00ed como por declaraciones que han dado en casos concretos de la vida pol\u00edtica nacional.<\/p>\n\n\n\n<p>Aprovechando la situaci\u00f3n las redes se llenaron de burlas y decepci\u00f3n, al ver que uno de los sectores m\u00e1s golpistas de la actual coyuntura, como fue la familia Novella de Cementos Progreso, tienen una representaci\u00f3n significativa en uno de los ministerios m\u00e1s importantes por donde se canaliza la inversi\u00f3n p\u00fablica en infraestructura.<\/p>\n\n\n\n<p>No hay que olvidar que esa familia estaba vinculada con el dictador Ubico, qui\u00e9n le otorg\u00f3 el monopolio del cemento para construir obra p\u00fablica antes de ser derrocado. Con la llegada de Ar\u00e9valo pap\u00e1 y \u00c1rbenz en la primavera democr\u00e1tica, esa empresa perdi\u00f3 los beneficios que Ubico le hab\u00eda otorgado. Y de ah\u00ed viene el odio hacia Ar\u00e9valo.<\/p>\n\n\n\n<p>Los viejos fantasmas de la invasi\u00f3n mercenaria que financi\u00f3 la CIA para derrotar al gobierno de la Revoluci\u00f3n, siguen alimentando prejuicios y odios 70 a\u00f1os despu\u00e9s, ahora que Estados Unidos trat\u00f3 de evitar el golpe institucional que el pacto de corruptos, a trav\u00e9s de Giammattei y Consuelo Porras llevaron a cabo.<\/p>\n\n\n\n<p>M\u00e1s all\u00e1 de las criticas fundadas e infundadas contra el gabinete semillero, lo m\u00e1s importante ser\u00e1 ubicar la dimensi\u00f3n que tendr\u00e1 el gobierno social dem\u00f3crata de Ar\u00e9valo y su promesa para luchar contra la corrupci\u00f3n. Dados los escasos m\u00e1rgenes de maniobra que tendr\u00e1 y su ya d\u00e9bil capacidad para gestionar los tiempos pol\u00edticos con la oposici\u00f3n, puede resultar comprensible dicha selecci\u00f3n.<\/p>\n\n\n\n<p>Lo cierto es que los gobiernos anteriores no necesitaron mucho tiempo para mostrar sus verdaderos intereses. Y en poco tiempo destruyeron el pa\u00eds, con el \u00fanico prop\u00f3sito de saquear las arcas p\u00fablicas. Si est\u00e1 pr\u00e1ctica se abandona y se revierte la cooptaci\u00f3n, el gobierno de Ar\u00e9valo habr\u00e1 cumplido, pero no puede pedir paciencia, como tampoco pedir tiempo. Si para destruir el Estado se hizo en poco tiempo, para reconstruir lo destruido, se debe comenzar cuanto antes.<\/p>\n\n\n\n<p>Lo grave de la designaci\u00f3n de ministros fue dejar afuera del gabinete a fuerzas que impidieron el golpe y mantienen la resistencia al pacto de corruptos. En un futuro cercano esto puede significar un error gigantesco, m\u00e1s grande que los v\u00ednculos con el sector empresarial que ahora se crearon y que son el motivo de las cr\u00edticas.<\/p>\n\n\n\n<p>Lo cierto es que Un Futuro Sin Cacif no puede ser construido por un gobierno socialdem\u00f3crata. Debe ser edificado desde abajo y por los de abajo. Habr\u00e1 que ser realista y pragm\u00e1tico para exigir un gobierno social, que brinde oportunidades para superar la pobreza y la exclusi\u00f3n, pero claro est\u00e1 no hay que conformarse con menos.<\/p>\n\n\n\n<p>Para evitar la desilusi\u00f3n no hay que esperar cambios radicales en este gobierno. Lo que no implica ser complacientes, pues no es un cheque en blanco el que firm\u00f3 la ciudadan\u00eda a favor de Ar\u00e9valo en las elecciones. Es una exigencia ciudadana clara y precisa para que cumpla con lo m\u00ednimo de su programa electoral. No hay de otra.<\/p>\n\n\n\n<p>La lucha por un futuro sin Cacif continuar\u00e1, hasta alcanzar el objetivo, con o sin Semilla.<\/p>\n","protected":false},"excerpt":{"rendered":"<p>Mario Rodr\u00edguez Acosta El d\u00eda de ayer, el Movimiento Semilla dio a conocer los nombres de las personas que ocuparan los cargos en los distintos ministerios del Estado. Seg\u00fan sus promotores, es un gabinete hist\u00f3rico, porque existe una paridad en la composici\u00f3n del mismo. Sin embargo, dicha integraci\u00f3n no resulto del agrado de todos, incluyendo [&hellip;]<\/p>\n","protected":false},"author":1,"featured_media":525,"comment_status":"closed","ping_status":"closed","sticky":false,"template":"","format":"standard","meta":{"footnotes":""},"categories":[99,5],"tags":[102,84,65,47],"class_list":["post-524","post","type-post","status-publish","format-standard","has-post-thumbnail","hentry","category-corrupcion","category-politica","tag-unfuturoconcacif","tag-bernardo-arevalo","tag-giammattei","tag-golpe-de-estado"],"_links":{"self":[{"href":"https:\/\/ciidgt.org\/catarsis\/wp-json\/wp\/v2\/posts\/524","targetHints":{"allow":["GET"]}}],"collection":[{"href":"https:\/\/ciidgt.org\/catarsis\/wp-json\/wp\/v2\/posts"}],"about":[{"href":"https:\/\/ciidgt.org\/catarsis\/wp-json\/wp\/v2\/types\/post"}],"author":[{"embeddable":true,"href":"https:\/\/ciidgt.org\/catarsis\/wp-json\/wp\/v2\/users\/1"}],"replies":[{"embeddable":true,"href":"https:\/\/ciidgt.org\/catarsis\/wp-json\/wp\/v2\/comments?post=524"}],"version-history":[{"count":1,"href":"https:\/\/ciidgt.org\/catarsis\/wp-json\/wp\/v2\/posts\/524\/revisions"}],"predecessor-version":[{"id":526,"href":"https:\/\/ciidgt.org\/catarsis\/wp-json\/wp\/v2\/posts\/524\/revisions\/526"}],"wp:featuredmedia":[{"embeddable":true,"href":"https:\/\/ciidgt.org\/catarsis\/wp-json\/wp\/v2\/media\/525"}],"wp:attachment":[{"href":"https:\/\/ciidgt.org\/catarsis\/wp-json\/wp\/v2\/media?parent=524"}],"wp:term":[{"taxonomy":"category","embeddable":true,"href":"https:\/\/ciidgt.org\/catarsis\/wp-json\/wp\/v2\/categories?post=524"},{"taxonomy":"post_tag","embeddable":true,"href":"https:\/\/ciidgt.org\/catarsis\/wp-json\/wp\/v2\/tags?post=524"}],"curies":[{"name":"wp","href":"https:\/\/api.w.org\/{rel}","templated":true}]}}