{"id":527,"date":"2024-01-10T17:32:47","date_gmt":"2024-01-10T17:32:47","guid":{"rendered":"https:\/\/ciidgt.org\/catarsis\/?p=527"},"modified":"2024-01-10T17:32:48","modified_gmt":"2024-01-10T17:32:48","slug":"un-gobierno-con-el-cacif","status":"publish","type":"post","link":"https:\/\/ciidgt.org\/catarsis\/un-gobierno-con-el-cacif\/","title":{"rendered":"Un Gobierno con el CACIF"},"content":{"rendered":"\n<p>Al parecer, Bernardo Ar\u00e9valo negoci\u00f3 con la c\u00fapula empresarial la inclusi\u00f3n de funcionarios allegados a los empresarios, por lo menos en tres ministerios. Basta escuchar las declaraciones de a\u00f1os atr\u00e1s de las ahora ministras del gabinete entrante para darse cuenta que tienen una postura anti popular en contra de los l\u00edderes de los movimientos populares, ind\u00edgenas y ambientales, m\u00e1s los v\u00ednculos que van saliendo de estos con la c\u00fapula empresarial.<\/p>\n\n\n\n<p>En un comunicado de prensa, los 48 cantones de Totonicap\u00e1n, lamentan que Ar\u00e9valo no haya aprovechado la oportunidad hist\u00f3rica para logara una integraci\u00f3n en su gabinete de los pueblos Mayas, Gar\u00edfunas y Xinkas. De forma contundente, expresan su convicci\u00f3n de que alg\u00fan d\u00eda, formaran parte de un gobierno incluyente, no solo en el discurso, tambi\u00e9n en las necesidades reales de la poblaci\u00f3n.<\/p>\n\n\n\n<p>Es importante recordar que las movilizaciones hist\u00f3ricas que desde septiembre a la fecha vienen realizando las organizaciones ind\u00edgenas, campesinas y populares para frenar el golpe de Estado, mostraron la debilidad de Semilla y de Ar\u00e9valo como l\u00edder pol\u00edtico, como tambi\u00e9n el respaldo que la clase media urbana le otorga al presidente electo.<\/p>\n","protected":false},"excerpt":{"rendered":"<p>Al parecer, Bernardo Ar\u00e9valo negoci\u00f3 con la c\u00fapula empresarial la inclusi\u00f3n de funcionarios allegados a los empresarios, por lo menos en tres ministerios. Basta escuchar las declaraciones de a\u00f1os atr\u00e1s de las ahora ministras del gabinete entrante para darse cuenta que tienen una postura anti popular en contra de los l\u00edderes de los movimientos populares, [&hellip;]<\/p>\n","protected":false},"author":1,"featured_media":493,"comment_status":"closed","ping_status":"closed","sticky":false,"template":"","format":"standard","meta":{"footnotes":""},"categories":[99,5],"tags":[],"class_list":["post-527","post","type-post","status-publish","format-standard","has-post-thumbnail","hentry","category-corrupcion","category-politica"],"_links":{"self":[{"href":"https:\/\/ciidgt.org\/catarsis\/wp-json\/wp\/v2\/posts\/527","targetHints":{"allow":["GET"]}}],"collection":[{"href":"https:\/\/ciidgt.org\/catarsis\/wp-json\/wp\/v2\/posts"}],"about":[{"href":"https:\/\/ciidgt.org\/catarsis\/wp-json\/wp\/v2\/types\/post"}],"author":[{"embeddable":true,"href":"https:\/\/ciidgt.org\/catarsis\/wp-json\/wp\/v2\/users\/1"}],"replies":[{"embeddable":true,"href":"https:\/\/ciidgt.org\/catarsis\/wp-json\/wp\/v2\/comments?post=527"}],"version-history":[{"count":1,"href":"https:\/\/ciidgt.org\/catarsis\/wp-json\/wp\/v2\/posts\/527\/revisions"}],"predecessor-version":[{"id":528,"href":"https:\/\/ciidgt.org\/catarsis\/wp-json\/wp\/v2\/posts\/527\/revisions\/528"}],"wp:featuredmedia":[{"embeddable":true,"href":"https:\/\/ciidgt.org\/catarsis\/wp-json\/wp\/v2\/media\/493"}],"wp:attachment":[{"href":"https:\/\/ciidgt.org\/catarsis\/wp-json\/wp\/v2\/media?parent=527"}],"wp:term":[{"taxonomy":"category","embeddable":true,"href":"https:\/\/ciidgt.org\/catarsis\/wp-json\/wp\/v2\/categories?post=527"},{"taxonomy":"post_tag","embeddable":true,"href":"https:\/\/ciidgt.org\/catarsis\/wp-json\/wp\/v2\/tags?post=527"}],"curies":[{"name":"wp","href":"https:\/\/api.w.org\/{rel}","templated":true}]}}