{"id":535,"date":"2024-01-15T13:43:36","date_gmt":"2024-01-15T13:43:36","guid":{"rendered":"https:\/\/ciidgt.org\/catarsis\/?p=535"},"modified":"2024-01-15T13:43:37","modified_gmt":"2024-01-15T13:43:37","slug":"bernardo-arevalo-toma-posesion-como-presidente","status":"publish","type":"post","link":"https:\/\/ciidgt.org\/catarsis\/bernardo-arevalo-toma-posesion-como-presidente\/","title":{"rendered":"Bernardo Ar\u00e9valo toma posesi\u00f3n como presidente"},"content":{"rendered":"\n<p><strong>Bernardo Ar\u00e9valo de Le\u00f3n&nbsp;fue <\/strong>investido presidente de<strong>&nbsp;Guatemala<\/strong>&nbsp;en medio de retrasos y un burdo boicot orquestado por un grupo de diputados golpistas que intentaron controlar la junta directiva del Congreso lo que retraso todo el proceso.<\/p>\n\n\n\n<p>Lo que ten\u00eda que ser el 14 a las 14, se convirti\u00f3 en un circo de mal gusto por parte de parlamentarios que dejaban su cargo, pero aferrados a sus ambiciones personales, insistieron en hacer del proceso de transici\u00f3n accidentado y con actitud bochornosa los golpistas \u00c1lvaro Arz\u00fa y Sandra Jovel insist\u00edan en poner palos a la rueda de la historia.<\/p>\n\n\n\n<p>&nbsp;En una actitud por dem\u00e1s cobarde de c\u00ednico ex presidente Giammattei, este se neg\u00f3 a entregar el cargo y envi\u00f3 una carta al Congreso en d\u00f3nde quedaba desligado de la presidencia. Lo que puso de manifiesto su empe\u00f1o hasta el \u00faltimo momento para entorpecer la entrega del cargo.<\/p>\n\n\n\n<p>Con raz\u00f3n, Ar\u00e9valo calific\u00f3 de nuevo intento de \u201cgolpe de Estado\u201d las maniobras de \u00faltima hora que ciertos parlamentarios intentaron hacer para impedir la toma de posesi\u00f3n.<\/p>\n\n\n\n<p>Fue aberrante la actitud de Alejandro Giammattei y su cobard\u00eda de \u00faltimo momento, tambi\u00e9n la de algunos miembros de la Corte de Constitucionalidad que se prestaron a ese juego sucio y especialmente al ex presidente del Congreso, Allan Rodr\u00edguez que hasta el \u00faltimo momento se neg\u00f3 a reconocer su derrota.<\/p>\n\n\n\n<p>Esto se logr\u00f3 gracias a la movilizaci\u00f3n social, principalmente de los pueblos y autoridades ind\u00edgenas que siempre estuvieron en la lucha. &nbsp;<\/p>\n\n\n\n<p>\u201cNunca m\u00e1s el autoritarismo\u201d, fueron las palabras de Bernardo Ar\u00e9valo en su discurso. Un llamado a la Unidad y el reconocimiento a los pueblos ind\u00edgenas y a sus autoridades ancestrales, por la protecci\u00f3n de la democracia.<\/p>\n","protected":false},"excerpt":{"rendered":"<p>Bernardo Ar\u00e9valo de Le\u00f3n&nbsp;fue investido presidente de&nbsp;Guatemala&nbsp;en medio de retrasos y un burdo boicot orquestado por un grupo de diputados golpistas que intentaron controlar la junta directiva del Congreso lo que retraso todo el proceso. Lo que ten\u00eda que ser el 14 a las 14, se convirti\u00f3 en un circo de mal gusto por parte [&hellip;]<\/p>\n","protected":false},"author":1,"featured_media":536,"comment_status":"closed","ping_status":"closed","sticky":false,"template":"","format":"standard","meta":{"footnotes":""},"categories":[5],"tags":[84,106],"class_list":["post-535","post","type-post","status-publish","format-standard","has-post-thumbnail","hentry","category-politica","tag-bernardo-arevalo","tag-presidente"],"_links":{"self":[{"href":"https:\/\/ciidgt.org\/catarsis\/wp-json\/wp\/v2\/posts\/535","targetHints":{"allow":["GET"]}}],"collection":[{"href":"https:\/\/ciidgt.org\/catarsis\/wp-json\/wp\/v2\/posts"}],"about":[{"href":"https:\/\/ciidgt.org\/catarsis\/wp-json\/wp\/v2\/types\/post"}],"author":[{"embeddable":true,"href":"https:\/\/ciidgt.org\/catarsis\/wp-json\/wp\/v2\/users\/1"}],"replies":[{"embeddable":true,"href":"https:\/\/ciidgt.org\/catarsis\/wp-json\/wp\/v2\/comments?post=535"}],"version-history":[{"count":1,"href":"https:\/\/ciidgt.org\/catarsis\/wp-json\/wp\/v2\/posts\/535\/revisions"}],"predecessor-version":[{"id":537,"href":"https:\/\/ciidgt.org\/catarsis\/wp-json\/wp\/v2\/posts\/535\/revisions\/537"}],"wp:featuredmedia":[{"embeddable":true,"href":"https:\/\/ciidgt.org\/catarsis\/wp-json\/wp\/v2\/media\/536"}],"wp:attachment":[{"href":"https:\/\/ciidgt.org\/catarsis\/wp-json\/wp\/v2\/media?parent=535"}],"wp:term":[{"taxonomy":"category","embeddable":true,"href":"https:\/\/ciidgt.org\/catarsis\/wp-json\/wp\/v2\/categories?post=535"},{"taxonomy":"post_tag","embeddable":true,"href":"https:\/\/ciidgt.org\/catarsis\/wp-json\/wp\/v2\/tags?post=535"}],"curies":[{"name":"wp","href":"https:\/\/api.w.org\/{rel}","templated":true}]}}