{"id":539,"date":"2024-01-27T00:30:35","date_gmt":"2024-01-27T00:30:35","guid":{"rendered":"https:\/\/ciidgt.org\/catarsis\/?p=539"},"modified":"2024-01-27T00:30:36","modified_gmt":"2024-01-27T00:30:36","slug":"guerra-en-estados-unidos","status":"publish","type":"post","link":"https:\/\/ciidgt.org\/catarsis\/guerra-en-estados-unidos\/","title":{"rendered":"Guerra en Estados Unidos"},"content":{"rendered":"\n<p>Las cosas se ponen dif\u00edciles en la frontera tejana. El gobernador del Estado, Greg Abbot, declar\u00f3 su derecho a la autodefensa y este viernes, cuando vence el plazo dado por el gobierno federal, el gobernador ha dicho que su determinaci\u00f3n para defenderse, sustituyendo cualquier estatuto federal que indique lo contrario se har\u00e1 valer. &nbsp;<\/p>\n\n\n\n<p>As\u00ed es como la guerra qued\u00f3 instalada entre las autoridades federales y las autoridades estatales por el fallo de la Corte Suprema de Justicia que permite a los agentes federales retirar el alambrado de p\u00faas que se instal\u00f3 en la frontera con M\u00e9xico para frenar la migraci\u00f3n irregular.<\/p>\n\n\n\n<p>El presidente Biden ha declarado que la crisis de la migraci\u00f3n no se resuelve de esa manera y acus\u00f3 al gobierno estatal de socavar los esfuerzos para asegurar la frontera sur, al impedir que la patrulla fronteriza realice sus patrullas y tome control de esa zona.<\/p>\n\n\n\n<p>El gobernador Abbott orden\u00f3 a la Guardia Nacional de Texas aislar e impedir que la patrulla fronteriza acceda al r\u00edo Bravo. Texas se ha negado a cumplir los fallos judiciales a favor del gobierno federal. Eso ha movilizado a 25 estados gobernados por republicanos, los cuales ha emitido una declaraci\u00f3n conjunta en apoyo al derecho a la autodefensa de Texas. El expresidente Trump tambi\u00e9n mostr\u00f3 su solidaridad.<\/p>\n\n\n\n<p>\u201cBiden entreg\u00f3 la frontera e instig\u00f3 una invasi\u00f3n masiva de millones de inmigrantes ilegales\u201d, dijo Donald Trump, mientras los dem\u00f3cratas exigen a Biden que asuma el control de la guardia nacional de Texas.<\/p>\n\n\n\n<p>El conflicto ha escalado a niveles inimaginables, al punto que el gobernador ha dicho que no cumplir\u00e1 con las exigencias y sostiene que la guardia nacional no abandonar\u00e1 su misi\u00f3n.<\/p>\n","protected":false},"excerpt":{"rendered":"<p>Las cosas se ponen dif\u00edciles en la frontera tejana. El gobernador del Estado, Greg Abbot, declar\u00f3 su derecho a la autodefensa y este viernes, cuando vence el plazo dado por el gobierno federal, el gobernador ha dicho que su determinaci\u00f3n para defenderse, sustituyendo cualquier estatuto federal que indique lo contrario se har\u00e1 valer. &nbsp; As\u00ed [&hellip;]<\/p>\n","protected":false},"author":1,"featured_media":540,"comment_status":"closed","ping_status":"closed","sticky":false,"template":"","format":"standard","meta":{"footnotes":""},"categories":[13],"tags":[108,107,111,39,110,109],"class_list":["post-539","post","type-post","status-publish","format-standard","has-post-thumbnail","hentry","category-internacional","tag-abbot","tag-biden","tag-frontera","tag-migracion","tag-republicanos","tag-texas"],"_links":{"self":[{"href":"https:\/\/ciidgt.org\/catarsis\/wp-json\/wp\/v2\/posts\/539","targetHints":{"allow":["GET"]}}],"collection":[{"href":"https:\/\/ciidgt.org\/catarsis\/wp-json\/wp\/v2\/posts"}],"about":[{"href":"https:\/\/ciidgt.org\/catarsis\/wp-json\/wp\/v2\/types\/post"}],"author":[{"embeddable":true,"href":"https:\/\/ciidgt.org\/catarsis\/wp-json\/wp\/v2\/users\/1"}],"replies":[{"embeddable":true,"href":"https:\/\/ciidgt.org\/catarsis\/wp-json\/wp\/v2\/comments?post=539"}],"version-history":[{"count":1,"href":"https:\/\/ciidgt.org\/catarsis\/wp-json\/wp\/v2\/posts\/539\/revisions"}],"predecessor-version":[{"id":541,"href":"https:\/\/ciidgt.org\/catarsis\/wp-json\/wp\/v2\/posts\/539\/revisions\/541"}],"wp:featuredmedia":[{"embeddable":true,"href":"https:\/\/ciidgt.org\/catarsis\/wp-json\/wp\/v2\/media\/540"}],"wp:attachment":[{"href":"https:\/\/ciidgt.org\/catarsis\/wp-json\/wp\/v2\/media?parent=539"}],"wp:term":[{"taxonomy":"category","embeddable":true,"href":"https:\/\/ciidgt.org\/catarsis\/wp-json\/wp\/v2\/categories?post=539"},{"taxonomy":"post_tag","embeddable":true,"href":"https:\/\/ciidgt.org\/catarsis\/wp-json\/wp\/v2\/tags?post=539"}],"curies":[{"name":"wp","href":"https:\/\/api.w.org\/{rel}","templated":true}]}}