{"id":544,"date":"2024-02-19T02:22:56","date_gmt":"2024-02-19T02:22:56","guid":{"rendered":"https:\/\/ciidgt.org\/catarsis\/?p=544"},"modified":"2024-02-19T02:22:57","modified_gmt":"2024-02-19T02:22:57","slug":"frantz-fanon-y-la-descolonizacion","status":"publish","type":"post","link":"https:\/\/ciidgt.org\/catarsis\/frantz-fanon-y-la-descolonizacion\/","title":{"rendered":"Frantz Fanon y la descolonizaci\u00f3n"},"content":{"rendered":"\n<p>Los estudios poscoloniales han sido inspirados en parte por Fanon. M\u00e9dico psiquiatra y fil\u00f3sofo, nacido en Martinica, vivi\u00f3 bajo el dominio franc\u00e9s en su corta vida, pero siempre argumento que la libertad debe ser confiscada, pues nunca ser\u00e1 otorgada por el colonizador.<\/p>\n\n\n\n<p>Su pensamiento puede resumirse tres puntos medulares: la identidad, la confrontaci\u00f3n descolonizadora y la toma de conciencia en el proceso de liberaci\u00f3n.<\/p>\n\n\n\n<p>La alienaci\u00f3n de los individuos colonizados que deshumaniza a las personas y afecta sus estructuras pol\u00edticas y econ\u00f3micas, pero tambi\u00e9n la identidad de los individuos fue su mayor preocupaci\u00f3n.<\/p>\n\n\n\n<p>Su cr\u00edtica al racismo y la desigualdad siempre fue contundente. Los colonizadores han perdido su humanidad, por lo tanto, la resistencia violenta debe ser un imperativo para lograr la libertad y para superar la desigualdad.<\/p>\n\n\n\n<p>Fanon se march\u00f3 a luchar por la liberaci\u00f3n de Argelia dentro del Frente de Liberaci\u00f3n Nacional para terminar con el dominio colonial franc\u00e9s.<\/p>\n","protected":false},"excerpt":{"rendered":"<p>Los estudios poscoloniales han sido inspirados en parte por Fanon. M\u00e9dico psiquiatra y fil\u00f3sofo, nacido en Martinica, vivi\u00f3 bajo el dominio franc\u00e9s en su corta vida, pero siempre argumento que la libertad debe ser confiscada, pues nunca ser\u00e1 otorgada por el colonizador. Su pensamiento puede resumirse tres puntos medulares: la identidad, la confrontaci\u00f3n descolonizadora y [&hellip;]<\/p>\n","protected":false},"author":1,"featured_media":545,"comment_status":"closed","ping_status":"closed","sticky":false,"template":"","format":"standard","meta":{"footnotes":""},"categories":[34],"tags":[114,113,112],"class_list":["post-544","post","type-post","status-publish","format-standard","has-post-thumbnail","hentry","category-educacion","tag-desigualdad","tag-fanon","tag-neocolonizacion"],"_links":{"self":[{"href":"https:\/\/ciidgt.org\/catarsis\/wp-json\/wp\/v2\/posts\/544","targetHints":{"allow":["GET"]}}],"collection":[{"href":"https:\/\/ciidgt.org\/catarsis\/wp-json\/wp\/v2\/posts"}],"about":[{"href":"https:\/\/ciidgt.org\/catarsis\/wp-json\/wp\/v2\/types\/post"}],"author":[{"embeddable":true,"href":"https:\/\/ciidgt.org\/catarsis\/wp-json\/wp\/v2\/users\/1"}],"replies":[{"embeddable":true,"href":"https:\/\/ciidgt.org\/catarsis\/wp-json\/wp\/v2\/comments?post=544"}],"version-history":[{"count":1,"href":"https:\/\/ciidgt.org\/catarsis\/wp-json\/wp\/v2\/posts\/544\/revisions"}],"predecessor-version":[{"id":546,"href":"https:\/\/ciidgt.org\/catarsis\/wp-json\/wp\/v2\/posts\/544\/revisions\/546"}],"wp:featuredmedia":[{"embeddable":true,"href":"https:\/\/ciidgt.org\/catarsis\/wp-json\/wp\/v2\/media\/545"}],"wp:attachment":[{"href":"https:\/\/ciidgt.org\/catarsis\/wp-json\/wp\/v2\/media?parent=544"}],"wp:term":[{"taxonomy":"category","embeddable":true,"href":"https:\/\/ciidgt.org\/catarsis\/wp-json\/wp\/v2\/categories?post=544"},{"taxonomy":"post_tag","embeddable":true,"href":"https:\/\/ciidgt.org\/catarsis\/wp-json\/wp\/v2\/tags?post=544"}],"curies":[{"name":"wp","href":"https:\/\/api.w.org\/{rel}","templated":true}]}}