{"id":547,"date":"2024-02-19T02:25:24","date_gmt":"2024-02-19T02:25:24","guid":{"rendered":"https:\/\/ciidgt.org\/catarsis\/?p=547"},"modified":"2024-02-19T02:25:25","modified_gmt":"2024-02-19T02:25:25","slug":"desgaste-y-golpe-de-estado","status":"publish","type":"post","link":"https:\/\/ciidgt.org\/catarsis\/desgaste-y-golpe-de-estado\/","title":{"rendered":"Desgaste y golpe de estado"},"content":{"rendered":"\n<p>Reci\u00e9n se cumple el primer mes del gobierno de Bernardo Ar\u00e9valo y nadie ha pedido un comp\u00e1s de espera, ni ha dado el beneficio de la duda a su gesti\u00f3n, menos ha dicho \u201cd\u00e9jelo gobernar\u201d como s\u00ed clam\u00f3 el pacto de corrupto al unison\u00f3 al cumplirse el primer a\u00f1o de Giammattei.<\/p>\n\n\n\n<p>Esto pasa por varias razones. La primera quiz\u00e1s sea la falsa firmeza frente a la fiscal corrupta. Durante meses, Ar\u00e9valo insisti\u00f3 en pedirle la renuncia a Consuelo Porras y buscar alternativas para gestionar su salida. Pero todo se desvaneci\u00f3 con el abrazo del ministro efusivo, lo que se interpret\u00f3 con ligereza como una claudicaci\u00f3n. &nbsp;<\/p>\n\n\n\n<p>Pero en realidad eso tuvo consecuencias. De esa cuenta, la fiscal tomo la iniciativa, retom\u00f3 la conducci\u00f3n del pacto, hizo alianzas nuevas, enfatiz\u00f3 en los juzgados su determinaci\u00f3n de llegar a las \u00faltimas consecuencias contra qui\u00e9n no se alinee con ella y reafirm\u00f3 su afinidad con las altas cortes del pa\u00eds.<\/p>\n\n\n\n<p>Ahora mismo el gobierno de Ar\u00e9valo pende de un hilo y el golpe de Estado sigue su curso. El cerco judicial que la fiscal teji\u00f3 con habilidad terminar\u00e1 por explotar y se llevar\u00e1 al movimiento Semilla, a sus diputados y probablemente al gobierno en su conjunto al cubo de la basura.<\/p>\n\n\n\n<p>Hay que recordar que Ar\u00e9valo lleg\u00f3 con la simpat\u00eda y el apoyo de una mayor\u00eda que defendi\u00f3 en las calles y en los pueblos su triunfo en las urnas. No queda claro que ese apoyo se mantenga y lo defienda en contra del golpe.<\/p>\n\n\n\n<p>Con un mes en el cargo, el desgaste es m\u00e1s que evidente. Le han responsabilizado de m\u00e1s desaciertos que aciertos, para mermar de forma acelerada su imagen y sus apoyos internos, que no son muy consistentes y lo m\u00e1s seguro que tampoco sean estables.<\/p>\n\n\n\n<p>&nbsp;Lo que se le reprocha a Bernardo Ar\u00e9valo y con raz\u00f3n, es una clara indecisi\u00f3n de enfrentar la arrogancia de los corruptos, lo cual puede acabar por lamentar.<\/p>\n","protected":false},"excerpt":{"rendered":"<p>Reci\u00e9n se cumple el primer mes del gobierno de Bernardo Ar\u00e9valo y nadie ha pedido un comp\u00e1s de espera, ni ha dado el beneficio de la duda a su gesti\u00f3n, menos ha dicho \u201cd\u00e9jelo gobernar\u201d como s\u00ed clam\u00f3 el pacto de corrupto al unison\u00f3 al cumplirse el primer a\u00f1o de Giammattei. Esto pasa por varias [&hellip;]<\/p>\n","protected":false},"author":1,"featured_media":548,"comment_status":"closed","ping_status":"closed","sticky":false,"template":"","format":"standard","meta":{"footnotes":""},"categories":[5],"tags":[84,47,86],"class_list":["post-547","post","type-post","status-publish","format-standard","has-post-thumbnail","hentry","category-politica","tag-bernardo-arevalo","tag-golpe-de-estado","tag-mp"],"_links":{"self":[{"href":"https:\/\/ciidgt.org\/catarsis\/wp-json\/wp\/v2\/posts\/547","targetHints":{"allow":["GET"]}}],"collection":[{"href":"https:\/\/ciidgt.org\/catarsis\/wp-json\/wp\/v2\/posts"}],"about":[{"href":"https:\/\/ciidgt.org\/catarsis\/wp-json\/wp\/v2\/types\/post"}],"author":[{"embeddable":true,"href":"https:\/\/ciidgt.org\/catarsis\/wp-json\/wp\/v2\/users\/1"}],"replies":[{"embeddable":true,"href":"https:\/\/ciidgt.org\/catarsis\/wp-json\/wp\/v2\/comments?post=547"}],"version-history":[{"count":1,"href":"https:\/\/ciidgt.org\/catarsis\/wp-json\/wp\/v2\/posts\/547\/revisions"}],"predecessor-version":[{"id":549,"href":"https:\/\/ciidgt.org\/catarsis\/wp-json\/wp\/v2\/posts\/547\/revisions\/549"}],"wp:featuredmedia":[{"embeddable":true,"href":"https:\/\/ciidgt.org\/catarsis\/wp-json\/wp\/v2\/media\/548"}],"wp:attachment":[{"href":"https:\/\/ciidgt.org\/catarsis\/wp-json\/wp\/v2\/media?parent=547"}],"wp:term":[{"taxonomy":"category","embeddable":true,"href":"https:\/\/ciidgt.org\/catarsis\/wp-json\/wp\/v2\/categories?post=547"},{"taxonomy":"post_tag","embeddable":true,"href":"https:\/\/ciidgt.org\/catarsis\/wp-json\/wp\/v2\/tags?post=547"}],"curies":[{"name":"wp","href":"https:\/\/api.w.org\/{rel}","templated":true}]}}