{"id":557,"date":"2024-03-08T01:44:26","date_gmt":"2024-03-08T01:44:26","guid":{"rendered":"https:\/\/ciidgt.org\/catarsis\/?p=557"},"modified":"2024-03-08T01:44:27","modified_gmt":"2024-03-08T01:44:27","slug":"justicia-ciega-y-cooptada","status":"publish","type":"post","link":"https:\/\/ciidgt.org\/catarsis\/justicia-ciega-y-cooptada\/","title":{"rendered":"Justicia ciega y cooptada"},"content":{"rendered":"\n<p>Cada d\u00eda se destapan m\u00e1s casos de corrupci\u00f3n y siempre unos son m\u00e1s escandalosos que otros. El m\u00e1s medi\u00e1tico de los \u00faltimos d\u00edas sigue siendo el bunker \u201cdevocional\u201d construido por Allan Rodr\u00edguez en las oficinas de la presidencia del congreso.<\/p>\n\n\n\n<p>Pero hay otros, como el desastre dejado en el aeropuerto La Aurora. O el conflicto de inter\u00e9s que genera que un hermano del presidente del Banguat, Gonz\u00e1lez Ricci, haya obtenido activos que el banco subasto. O la crisis de desabastecimiento que viven los hospitales de referencia, solo por mencionar los m\u00e1s recientes.<\/p>\n\n\n\n<p>Hay una que estall\u00f3 hoy y se hace acompa\u00f1ar de la denuncia respectiva en contra del secretario del MP \u00c1ngel Pineda. Se supo que Giammattei transfiri\u00f3 dinero p\u00fablico para contratar un bufete de abogados gringo, a petici\u00f3n de la fiscal\u00eda y con la participaci\u00f3n del Procurador de la Naci\u00f3n de ese entonces, para perseguir a ex fiscales refugiados en Estados Unidos.<\/p>\n\n\n\n<p>Es bien conocido que en el Ministerio P\u00fablico no se mueve nada si no lleva el visto bueno de la fiscal general. Ella misma lo ha manifestado as\u00ed. En tal sentido, se podr\u00eda esperar que de inmediato presentar\u00e1 su renuncia, dada la conspiraci\u00f3n ilegal que autoriz\u00f3. Pero sabemos que eso no va pasar.<\/p>\n\n\n\n<p>Ella no est\u00e1 dispuesta a semejante sacrificio, si sabe perfectamente que tiene el respaldo de la corte de constitucionalidad, de la c\u00fapula empresarial y del crimen organizado, qui\u00e9n contra ella.<\/p>\n\n\n\n<p>Esa corte de constitucionalidad tiene el empe\u00f1o curioso de domesticar las acciones del ejecutivo, para evitar que se revierta la cooptaci\u00f3n corrupta del Estado, del cual ellos forman parte. As\u00ed que ahora se permite resolver en contra de los testigos, por no decir estos, lo que la fiscal\u00eda quiere escuchar. De ese tama\u00f1o es el compromiso con la corrupci\u00f3n.<\/p>\n\n\n\n<p>As\u00ed que, pese a las denuncias, Consuelo Porras nunca actuar\u00e1 legalmente contra los miembros del pacto de corruptos; vean a Jimmy Morales que sigue gozando de impunidad, pero no de inmunidad. Lo mismo pasa con el s\u00e9quito de delincuentes que hicieron gobierno con Alejandro Giammattei, ahora hasta se convierten en querellantes en contra de los fiscales que en su momento los denunci\u00f3.<\/p>\n\n\n\n<p>Por culpa de esta cooptaci\u00f3n, la justicia dej\u00f3 de ser ciega, ahora y por el momento es solo una justicia cooptada y corrupta.<\/p>\n","protected":false},"excerpt":{"rendered":"<p>Cada d\u00eda se destapan m\u00e1s casos de corrupci\u00f3n y siempre unos son m\u00e1s escandalosos que otros. El m\u00e1s medi\u00e1tico de los \u00faltimos d\u00edas sigue siendo el bunker \u201cdevocional\u201d construido por Allan Rodr\u00edguez en las oficinas de la presidencia del congreso. Pero hay otros, como el desastre dejado en el aeropuerto La Aurora. O el conflicto [&hellip;]<\/p>\n","protected":false},"author":1,"featured_media":558,"comment_status":"closed","ping_status":"closed","sticky":false,"template":"","format":"standard","meta":{"footnotes":""},"categories":[99],"tags":[118,119,120],"class_list":["post-557","post","type-post","status-publish","format-standard","has-post-thumbnail","hentry","category-corrupcion","tag-corrupcion","tag-corte-de-constitucionalidad","tag-estado"],"_links":{"self":[{"href":"https:\/\/ciidgt.org\/catarsis\/wp-json\/wp\/v2\/posts\/557","targetHints":{"allow":["GET"]}}],"collection":[{"href":"https:\/\/ciidgt.org\/catarsis\/wp-json\/wp\/v2\/posts"}],"about":[{"href":"https:\/\/ciidgt.org\/catarsis\/wp-json\/wp\/v2\/types\/post"}],"author":[{"embeddable":true,"href":"https:\/\/ciidgt.org\/catarsis\/wp-json\/wp\/v2\/users\/1"}],"replies":[{"embeddable":true,"href":"https:\/\/ciidgt.org\/catarsis\/wp-json\/wp\/v2\/comments?post=557"}],"version-history":[{"count":1,"href":"https:\/\/ciidgt.org\/catarsis\/wp-json\/wp\/v2\/posts\/557\/revisions"}],"predecessor-version":[{"id":559,"href":"https:\/\/ciidgt.org\/catarsis\/wp-json\/wp\/v2\/posts\/557\/revisions\/559"}],"wp:featuredmedia":[{"embeddable":true,"href":"https:\/\/ciidgt.org\/catarsis\/wp-json\/wp\/v2\/media\/558"}],"wp:attachment":[{"href":"https:\/\/ciidgt.org\/catarsis\/wp-json\/wp\/v2\/media?parent=557"}],"wp:term":[{"taxonomy":"category","embeddable":true,"href":"https:\/\/ciidgt.org\/catarsis\/wp-json\/wp\/v2\/categories?post=557"},{"taxonomy":"post_tag","embeddable":true,"href":"https:\/\/ciidgt.org\/catarsis\/wp-json\/wp\/v2\/tags?post=557"}],"curies":[{"name":"wp","href":"https:\/\/api.w.org\/{rel}","templated":true}]}}