{"id":564,"date":"2024-03-19T16:22:42","date_gmt":"2024-03-19T16:22:42","guid":{"rendered":"https:\/\/ciidgt.org\/catarsis\/?p=564"},"modified":"2024-03-19T16:22:43","modified_gmt":"2024-03-19T16:22:43","slug":"golpe-a-golpe-se-esfuma-la-primavera","status":"publish","type":"post","link":"https:\/\/ciidgt.org\/catarsis\/golpe-a-golpe-se-esfuma-la-primavera\/","title":{"rendered":"Golpe a golpe, se esfuma la primavera."},"content":{"rendered":"\n<p>Como era previsible, la fiscal general Consuelo Porras inici\u00f3 el proceso de destituci\u00f3n de Bernardo Ar\u00e9valo presidente Constitucional de la Rep\u00fablica de Guatemala y para lograr su prop\u00f3sito violar\u00e1 la propia constituci\u00f3n que dice defender.<\/p>\n\n\n\n<p>El Ministerio P\u00fablico a trav\u00e9s del fiscal Curruchiche exigi\u00f3 ayer al Tribunal Supremo Electoral una certificaci\u00f3n sobre el proceso electoral. De ah\u00ed se desprende que ya no dudan en la persecuci\u00f3n penal en contra del presidente y su entorno. Saben que han ganado terreno, afinado las alianzas y pactado las resoluciones. Solo falta encontrar el motivo y da igual que sea legal o espurio. &nbsp;<\/p>\n\n\n\n<p>De acuerdo con Clausewitz, la guerra es la continuaci\u00f3n de la pol\u00edtica, pero se utilizan otros medios para lograr los objetivos. Y aqu\u00ed, la cuesti\u00f3n legal, retorcida al m\u00e1ximo, es la medida perfecta para destronar del poder al presidente. La diferencia ahora es que lo hace abiertamente, sin ambig\u00fcedades, ni medias tintas.<\/p>\n\n\n\n<p>De hecho, ya lograron apartar a Semilla del medio. Cooptaron la selecci\u00f3n de gobernadores y est\u00e1n gestionando al organismo legislativo a golpe de resoluciones a medida de la Corte de Constitucionalidad, los jueces del pacto resuelven siempre a favor de la corrupci\u00f3n, mientras la fiscal no mueve un dedo para investigar y perseguir a los verdaderos corruptos del sistema, m\u00e1s bien los protege como a Jimmy Morales, Miguel Mart\u00ednez y Alejandro Giammattei.<\/p>\n\n\n\n<p>Al otro lado de las trincheras se encuentra un partido voluntarioso, pero hasta cierto punto ingenuo y sin una estructura partidista que se vincule con bases sociales. As\u00ed no han logrado articular un discurso coherente frene la ofensiva golpista. Mantienen la esperanza del respaldo del movimiento social y de resistencia frente al golpe que hizo posible la toma de poder y el benepl\u00e1cito de la embajada de Estados Unidos.<\/p>\n\n\n\n<p>Las l\u00edneas rojas trazadas durante la campa\u00f1a fueron superadas con creces y facilidad por el pacto criminal de corruptos. Estos le tomaron la medida f\u00e1cilmente. Nunca lucharon por revertir las resoluciones del Juez Orellana, tampoco lo han interpelado. Se dejaron llevar por una falsa apariencia de tregua que otorg\u00f3 el propio ministro de gobernaci\u00f3n con los acuerdos supuestamente alcanzados entre la fiscal y gobernaci\u00f3n.<\/p>\n\n\n\n<p>En la petici\u00f3n hecha por la FECI se nota que ya no es una escalada verbal, sino un golpe fuerte al coraz\u00f3n del \u00fanico sost\u00e9n que le va quedando al presidente Ar\u00e9valo para estar en el cargo, la certificaci\u00f3n electoral de su triunfo, ratificado por la Corte de Constitucionalidad.<\/p>\n\n\n\n<p>Pero como todas las resoluciones de ese ente jur\u00eddico, han dejado abierta la puerta para que pueda actuar con impunidad la fiscal general, hasta que encuentre la piedra en el zapato y pueda a partir de ah\u00ed, comenzar a desmantelar al gobierno, ya sea maniatando su accionar en el congreso, ya sea capturando a miembros del partido y simpatizantes, o bien, directamente solicitando ante juicio contra el propio presidente.<\/p>\n\n\n\n<p>Y est\u00e1 cantado, el pr\u00f3ximo paso ser\u00e1 el antejuicio contra Ar\u00e9valo. Con un congreso fragmentado y con alianzas fr\u00e1giles, es posible su tr\u00e1mite. Logrado eso, cualquier juez corrupto dictar\u00e1 orden de captura, mientras se averigua la \u201cverdad\u201d como gusta decir al a fiscal, Ar\u00e9valo seguir\u00e1 el camino de Otto P\u00e9rez Molina si no reacciona, y al inicio de la primavera, vendr\u00e1 el diluvio.<\/p>\n","protected":false},"excerpt":{"rendered":"<p>Como era previsible, la fiscal general Consuelo Porras inici\u00f3 el proceso de destituci\u00f3n de Bernardo Ar\u00e9valo presidente Constitucional de la Rep\u00fablica de Guatemala y para lograr su prop\u00f3sito violar\u00e1 la propia constituci\u00f3n que dice defender. El Ministerio P\u00fablico a trav\u00e9s del fiscal Curruchiche exigi\u00f3 ayer al Tribunal Supremo Electoral una certificaci\u00f3n sobre el proceso electoral. [&hellip;]<\/p>\n","protected":false},"author":1,"featured_media":530,"comment_status":"closed","ping_status":"closed","sticky":false,"template":"","format":"standard","meta":{"footnotes":""},"categories":[99,5],"tags":[124,88,61,87,47],"class_list":["post-564","post","type-post","status-publish","format-standard","has-post-thumbnail","hentry","category-corrupcion","category-politica","tag-bernaro-arevalo","tag-consuelo-porras","tag-feci","tag-fiscal-general","tag-golpe-de-estado"],"_links":{"self":[{"href":"https:\/\/ciidgt.org\/catarsis\/wp-json\/wp\/v2\/posts\/564","targetHints":{"allow":["GET"]}}],"collection":[{"href":"https:\/\/ciidgt.org\/catarsis\/wp-json\/wp\/v2\/posts"}],"about":[{"href":"https:\/\/ciidgt.org\/catarsis\/wp-json\/wp\/v2\/types\/post"}],"author":[{"embeddable":true,"href":"https:\/\/ciidgt.org\/catarsis\/wp-json\/wp\/v2\/users\/1"}],"replies":[{"embeddable":true,"href":"https:\/\/ciidgt.org\/catarsis\/wp-json\/wp\/v2\/comments?post=564"}],"version-history":[{"count":1,"href":"https:\/\/ciidgt.org\/catarsis\/wp-json\/wp\/v2\/posts\/564\/revisions"}],"predecessor-version":[{"id":565,"href":"https:\/\/ciidgt.org\/catarsis\/wp-json\/wp\/v2\/posts\/564\/revisions\/565"}],"wp:featuredmedia":[{"embeddable":true,"href":"https:\/\/ciidgt.org\/catarsis\/wp-json\/wp\/v2\/media\/530"}],"wp:attachment":[{"href":"https:\/\/ciidgt.org\/catarsis\/wp-json\/wp\/v2\/media?parent=564"}],"wp:term":[{"taxonomy":"category","embeddable":true,"href":"https:\/\/ciidgt.org\/catarsis\/wp-json\/wp\/v2\/categories?post=564"},{"taxonomy":"post_tag","embeddable":true,"href":"https:\/\/ciidgt.org\/catarsis\/wp-json\/wp\/v2\/tags?post=564"}],"curies":[{"name":"wp","href":"https:\/\/api.w.org\/{rel}","templated":true}]}}