{"id":566,"date":"2024-03-22T01:18:00","date_gmt":"2024-03-22T01:18:00","guid":{"rendered":"https:\/\/ciidgt.org\/catarsis\/?p=566"},"modified":"2024-03-22T01:18:00","modified_gmt":"2024-03-22T01:18:00","slug":"eleccion-fallida-democracia-en-riesgo","status":"publish","type":"post","link":"https:\/\/ciidgt.org\/catarsis\/eleccion-fallida-democracia-en-riesgo\/","title":{"rendered":"Elecci\u00f3n fallida, democracia en riesgo"},"content":{"rendered":"\n<p>En este momento, Ar\u00e9valo tiene el poder por instinto y lo ejerce por impulso. Pero cada d\u00eda, su capacidad de actuaci\u00f3n disminuye significativamente, en algunos casos debido a la oposici\u00f3n, en otros a la presi\u00f3n de las instituciones como la Corte de Constitucionalidad y, en menor medida, debido a la falta de habilidad e incapacidad de sus propios funcionarios. Adem\u00e1s del cansancio causado por el ejercicio del poder, muchos seguidores del t\u00edo Bernie est\u00e1n descontentos por esto, m\u00e1s cuando sus nombramientos no son los m\u00e1s acertados, como el reciente gobernador del departamento de Guatemala, un admirador del corrupto de Giammattei. &nbsp;<\/p>\n\n\n\n<p>Si bien es cierto que, a la hora de gobernar, todos los candidatos se desdicen de sus programas y a la hora de negociar, todos se parecen entre s\u00ed. Eso sigue siendo igual con Bernardo. Pero el cinismo de Jimmy Morales, un ladr\u00f3n y corrupto, y la desfachatez de Giammattei, otro corrupto criminal; ex presidentes no han tenido escr\u00fapulos en la vida y al lograr el poder alcanzaron impunidad, protecci\u00f3n y consuelo que le otorga la fiscal general para todas sus fechor\u00edas, tambi\u00e9n es cierto que lo hecho hasta hoy por Bernardo, no tiene nada que ver con los otros dos. &nbsp;<\/p>\n\n\n\n<p>Por otro lado, Ar\u00e9valo fue declarado enemigo y objetivo prioritario por la fiscal general, a petici\u00f3n expresa del pacto de corruptos. Ahora mismo est\u00e1 siendo perseguido, mientras el golpe de Estado que lleva a cabo se concreta, se le hace la vida imposible para reducirle los espacios y que pueda gobernar. Lo ideol\u00f3gico de la cruzada contra Semilla, solo se explica por el discurso que sustenta las ilegalidades con las cuales pretenden penalizar la victoria obtenida en las urnas.<\/p>\n\n\n\n<p>Ahora bien, por qu\u00e9 entonces Ar\u00e9valo insiste en otorgar puestos a gente que no se identifica en la lucha contra la corrupci\u00f3n, por no decir que han sido parte del pacto de corruptos de forma pasiva o activa en alguna parte de su vida pol\u00edtica. Imaginemos a Maquiavelo explicar las razones de los nombramientos hechos hasta ahora. Pues razones s\u00f3lidas ha de tener, m\u00e1s cuando la l\u00f3gica manda a negociar en donde no tienen mayor\u00eda, ni aspira a tener una estructura que le respalde.<\/p>\n\n\n\n<p>La pregunta que retumba en las redes sociales al conocer el nombramiento de Diego de Le\u00f3n c\u00f3mo gobernador es: \u00bfy qui\u00e9n es Diego de Le\u00f3n? No ser\u00e1 un ilustre desconocido, si nos atenemos al efusivo saludo que la diputada Andrea le envi\u00f3 por X.<\/p>\n\n\n\n<p>Debemos reconocer que culpa de Ar\u00e9valo no es, pues los Comit\u00e9s de Desarrollo est\u00e1n plagados de alima\u00f1as que pululan con el respaldo de los diputados y alcaldes. Si Diego es cuestionado, no quiero imaginarme los otros de la terna y los otros que, vista las cosas, han quedado fuera de toda posibilidad. Imaginemos a los patrocinados por Allan Rodr\u00edguez que clase de gente ser\u00e1.<\/p>\n\n\n\n<p>La respuesta que m\u00e1s se me antoja sobre la designaci\u00f3n de los gobernadores es que ha sido una experiencia democr\u00e1tica fallida. Y de este Diego, solo se puede decir que es un anti chairo, pero con suerte. Y nosotros pensando mal.<\/p>\n","protected":false},"excerpt":{"rendered":"<p>En este momento, Ar\u00e9valo tiene el poder por instinto y lo ejerce por impulso. Pero cada d\u00eda, su capacidad de actuaci\u00f3n disminuye significativamente, en algunos casos debido a la oposici\u00f3n, en otros a la presi\u00f3n de las instituciones como la Corte de Constitucionalidad y, en menor medida, debido a la falta de habilidad e incapacidad [&hellip;]<\/p>\n","protected":false},"author":1,"featured_media":567,"comment_status":"closed","ping_status":"closed","sticky":false,"template":"","format":"standard","meta":{"footnotes":""},"categories":[99,5],"tags":[127,128,125,126],"class_list":["post-566","post","type-post","status-publish","format-standard","has-post-thumbnail","hentry","category-corrupcion","category-politica","tag-chairo","tag-corrupto","tag-democracia","tag-riesgo"],"_links":{"self":[{"href":"https:\/\/ciidgt.org\/catarsis\/wp-json\/wp\/v2\/posts\/566","targetHints":{"allow":["GET"]}}],"collection":[{"href":"https:\/\/ciidgt.org\/catarsis\/wp-json\/wp\/v2\/posts"}],"about":[{"href":"https:\/\/ciidgt.org\/catarsis\/wp-json\/wp\/v2\/types\/post"}],"author":[{"embeddable":true,"href":"https:\/\/ciidgt.org\/catarsis\/wp-json\/wp\/v2\/users\/1"}],"replies":[{"embeddable":true,"href":"https:\/\/ciidgt.org\/catarsis\/wp-json\/wp\/v2\/comments?post=566"}],"version-history":[{"count":1,"href":"https:\/\/ciidgt.org\/catarsis\/wp-json\/wp\/v2\/posts\/566\/revisions"}],"predecessor-version":[{"id":568,"href":"https:\/\/ciidgt.org\/catarsis\/wp-json\/wp\/v2\/posts\/566\/revisions\/568"}],"wp:featuredmedia":[{"embeddable":true,"href":"https:\/\/ciidgt.org\/catarsis\/wp-json\/wp\/v2\/media\/567"}],"wp:attachment":[{"href":"https:\/\/ciidgt.org\/catarsis\/wp-json\/wp\/v2\/media?parent=566"}],"wp:term":[{"taxonomy":"category","embeddable":true,"href":"https:\/\/ciidgt.org\/catarsis\/wp-json\/wp\/v2\/categories?post=566"},{"taxonomy":"post_tag","embeddable":true,"href":"https:\/\/ciidgt.org\/catarsis\/wp-json\/wp\/v2\/tags?post=566"}],"curies":[{"name":"wp","href":"https:\/\/api.w.org\/{rel}","templated":true}]}}