{"id":588,"date":"2024-04-05T12:02:54","date_gmt":"2024-04-05T12:02:54","guid":{"rendered":"https:\/\/ciidgt.org\/catarsis\/?p=588"},"modified":"2024-04-05T12:02:55","modified_gmt":"2024-04-05T12:02:55","slug":"duelo-a-muerte","status":"publish","type":"post","link":"https:\/\/ciidgt.org\/catarsis\/duelo-a-muerte\/","title":{"rendered":"Duelo a muerte"},"content":{"rendered":"\n<p>El enfrentamiento entre Consuelo Porras y el gobierno de Semilla est\u00e1 que arde. Comenz\u00f3 con una hostilidad furibunda de parte de la fiscal general para impedir que Bernardo Ar\u00e9valo asumiera el cargo. A punto estuvo de lograr su prop\u00f3sito en el \u00faltimo minuto de aquel ya nefasto 14 de enero, casi a media noche.<\/p>\n\n\n\n<p>Desde esa fecha hacia ac\u00e1 los dimes y diretes entre el presidente y la fiscal han subido de tono, pero siempre en el marco del supuesto Estado de Derecho. Ni uno ni el otro han cedido en sus reclamos, pero hasta el momento, la fiscal utiliza las herramientas legales e ilegales a su alcance para amenazar, coaccionar y cercar a los que t\u00edmidamente acuerdan con Bernardo la gobernabilidad.<\/p>\n\n\n\n<p>Ella sufre del s\u00edndrome de la soberbia. Se cree intocable, pues sabe que tiene a la corte celestial de su lado. Y tambi\u00e9n porque es ella el sost\u00e9n de la impunidad y protecci\u00f3n para una retah\u00edla de ladrones y corruptos de la peor cala\u00f1a, incluyendo asesinos y narcotraficantes confesos. As\u00ed que un d\u00eda s\u00ed y el otro tambi\u00e9n sale firmando acuerdos y cartas de entendimiento con todos los sectores que llegan sumisos, como todo lameculos a mostrar sus respetos a la fiscal\u00eda. &nbsp;<\/p>\n\n\n\n<p>Consuelo Porras cree que tiene un mandato divino y que puede gobernar sin ser presidenta. Sabe que ahora ya no recibe ordenes, ni tiene la protecci\u00f3n de Giammattei, ni de Jimmy Morales, ni de Miguel Mart\u00ednez, as\u00ed que va por la libre. Ella se ha dejado fascinar por la corrupci\u00f3n que la sostuvo para otro per\u00edodo sabiendo que est\u00e1 en el cargo por actos espurios del poder y ahora nada en sus propias mentiras.<\/p>\n\n\n\n<p>Pero, aun as\u00ed, comete los mismos errores que los intocables de antes, que, llegado su tiempo, tuvieron que marcharse, y su marcha siempre fue dolorosa.<\/p>\n\n\n\n<p>A pesar de los errores, omisiones y horrores que en tan pocos meses el gobierno de Bernardo Ar\u00e9valo y sus funcionarios est\u00e1n cometiendo, con el desgaste tan mete\u00f3rico del ejercicio del poder, nada se compara con el saqueo y el da\u00f1o institucional que Giammattei hizo del Estado. Nada lo iguala, ni ahora, ni antes. &nbsp;<\/p>\n\n\n\n<p>Por eso, Bernardo a\u00fan tiene margen de maniobra. Y mantiene el respaldo de Estados Unidos, siempre y cuando continu\u00e9 promoviendo los intereses econ\u00f3micos y de seguridad de ese pa\u00eds.<\/p>\n\n\n\n<p>As\u00ed que, ahora le toca a Consuelo Porras investigar a Miguel Mart\u00ednez, Alejandro Giammattei y procesar de una vez por todas a Jimmy Morales. Ya tiene las demandas en sus manos, no puede ahora despreciar la oportunidad de mantener la impunidad de estos maleantes. Solo eso, y no otra cosa, le garantizar\u00eda terminar su per\u00edodo de dos a\u00f1os m\u00e1s a cargo de la fiscal\u00eda. Tiempo suficiente para entrampar las comisiones de postulaci\u00f3n y el recambio de las cortes, cuesti\u00f3n que le garantizar\u00eda marcharse con impunidad. De lo contrario, tendr\u00e1 que marcharse de inmediato.<\/p>\n","protected":false},"excerpt":{"rendered":"<p>El enfrentamiento entre Consuelo Porras y el gobierno de Semilla est\u00e1 que arde. Comenz\u00f3 con una hostilidad furibunda de parte de la fiscal general para impedir que Bernardo Ar\u00e9valo asumiera el cargo. A punto estuvo de lograr su prop\u00f3sito en el \u00faltimo minuto de aquel ya nefasto 14 de enero, casi a media noche. Desde [&hellip;]<\/p>\n","protected":false},"author":1,"featured_media":589,"comment_status":"closed","ping_status":"closed","sticky":false,"template":"","format":"standard","meta":{"footnotes":""},"categories":[99,5],"tags":[84,88,118,87,65],"class_list":["post-588","post","type-post","status-publish","format-standard","has-post-thumbnail","hentry","category-corrupcion","category-politica","tag-bernardo-arevalo","tag-consuelo-porras","tag-corrupcion","tag-fiscal-general","tag-giammattei"],"_links":{"self":[{"href":"https:\/\/ciidgt.org\/catarsis\/wp-json\/wp\/v2\/posts\/588","targetHints":{"allow":["GET"]}}],"collection":[{"href":"https:\/\/ciidgt.org\/catarsis\/wp-json\/wp\/v2\/posts"}],"about":[{"href":"https:\/\/ciidgt.org\/catarsis\/wp-json\/wp\/v2\/types\/post"}],"author":[{"embeddable":true,"href":"https:\/\/ciidgt.org\/catarsis\/wp-json\/wp\/v2\/users\/1"}],"replies":[{"embeddable":true,"href":"https:\/\/ciidgt.org\/catarsis\/wp-json\/wp\/v2\/comments?post=588"}],"version-history":[{"count":1,"href":"https:\/\/ciidgt.org\/catarsis\/wp-json\/wp\/v2\/posts\/588\/revisions"}],"predecessor-version":[{"id":590,"href":"https:\/\/ciidgt.org\/catarsis\/wp-json\/wp\/v2\/posts\/588\/revisions\/590"}],"wp:featuredmedia":[{"embeddable":true,"href":"https:\/\/ciidgt.org\/catarsis\/wp-json\/wp\/v2\/media\/589"}],"wp:attachment":[{"href":"https:\/\/ciidgt.org\/catarsis\/wp-json\/wp\/v2\/media?parent=588"}],"wp:term":[{"taxonomy":"category","embeddable":true,"href":"https:\/\/ciidgt.org\/catarsis\/wp-json\/wp\/v2\/categories?post=588"},{"taxonomy":"post_tag","embeddable":true,"href":"https:\/\/ciidgt.org\/catarsis\/wp-json\/wp\/v2\/tags?post=588"}],"curies":[{"name":"wp","href":"https:\/\/api.w.org\/{rel}","templated":true}]}}