{"id":608,"date":"2024-05-01T14:36:49","date_gmt":"2024-05-01T14:36:49","guid":{"rendered":"https:\/\/ciidgt.org\/catarsis\/?p=608"},"modified":"2024-05-01T14:36:50","modified_gmt":"2024-05-01T14:36:50","slug":"paradojas-de-un-dia-que-dejo-de-ser-combativo","status":"publish","type":"post","link":"https:\/\/ciidgt.org\/catarsis\/paradojas-de-un-dia-que-dejo-de-ser-combativo\/","title":{"rendered":"Paradojas de un d\u00eda que dej\u00f3 de ser combativo"},"content":{"rendered":"\n<p>El primero de mayo dej\u00f3 de ser un d\u00eda reivindicativo, por lo menos en Guatemala, y se convirti\u00f3 en un d\u00eda de asueto, de feriado o de descanso, menos de lucha, lamentablemente.<\/p>\n\n\n\n<p>Los estragos de la guerra contrainsurgente en contra de las organizaciones populares, incluyendo sindicatos y ligas campesinas, ha cobrado factura. Pero despu\u00e9s de las derrotas sufridas por los movimientos sociales, lleg\u00f3 el pensamiento \u00fanico que cambi\u00f3 la mente de los obreros y campesinos, de la gente de bien, intentando eliminar todo vestigio de la lucha de clases en la mente de los trabajadores.<\/p>\n\n\n\n<p>Por eso suceden cosas extra\u00f1as, veamos:<\/p>\n\n\n\n<p>El mayor sindicato de maestros, dirigidos por Joviel Acevedo, en lugar de marchar el primero de mayo junto a la clase trabajadora del pa\u00eds y del mundo, ahora convoca para el d\u00eda dos a una marcha en defensa del orden corrupto que a\u00fan prevalece, lo que demuestra el nivel de cooptaci\u00f3n de la dirigencia sindical que durante m\u00e1s de 15 a\u00f1os ha sido participe de la mayor cooptaci\u00f3n del magisterio en la historia del pa\u00eds.<\/p>\n\n\n\n<p>Otro ejemplo, la direcci\u00f3n administrativa de la universidad de San Carlos, pretendi\u00f3 cambiar las fechas del primero de mayo y otorgar d\u00eda de asueto el lunes 29 de abril, atendiendo al fomento del turismo nacional y pretendiendo que el d\u00eda primero de mayo fuera un d\u00eda laboral como cualquier otro. Tuvo que ser un tribunal que impidi\u00f3 semejante aberraci\u00f3n. En su circular interna se explica a los \u201ccolaboradores\u201d dicho cambio y termina enviando \u201cbendiciones\u201d en su \u201cd\u00eda de descanso\u201d.<\/p>\n\n\n\n<p>Con mayor descaro est\u00e1n los sindicatos que se forman con el \u00fanico objetivo de proteger a sus dirigentes dentro del \u00e1mbito estatal para luego pactar con los funcionarios de turno prebendas inusitadas, con el fin de mantener la \u201cgobernabilidad\u201d del sistema que les da vida y los mantiene bajo las ordenes del corrupto del turno. &nbsp;<\/p>\n\n\n\n<p>La precariedad laboral es la norma, los trabajadores por cuenta propia son emprendedores, los proletarios dejaron de existir producto de viejas y obsoletas ideas comunistas, ahora solo existen consumidores, clientes, usuarios y a veces, ciudadanos.<\/p>\n\n\n\n<p>En consecuencia, existe mucha dificultad para relacionar este d\u00eda con la lucha pol\u00edtica, con la aspiraci\u00f3n de un futuro mejor para los trabajadores y en general para todos\/as. Y eso es producto del proyecto ling\u00fc\u00edstico neoliberal, en donde el lenguaje juega un papel fundamental para reproducir el capitalismo global, tanto como mecanismo ideol\u00f3gico de dominaci\u00f3n, como dispositivo de control y disciplina de la poblaci\u00f3n en su conjunto.<\/p>\n\n\n\n<p>Las estructuras simb\u00f3licas juegan un papel fundamental en la dominaci\u00f3n laboral, el uso de ciertos lenguajes permite redefinir los sentidos colectivos y afecta los procesos comunicativos. El reiterativo apelativo de \u201cla milla extra\u201d esconde la explotaci\u00f3n laboral, el insistente y perverso uso del \u201ccolaborador\u201d, \u201casociado\u201d y \u201cemprendedor\u201d provoca una distorsi\u00f3n de la realidad que solo favorece la l\u00f3gica de la acumulaci\u00f3n capitalista.<\/p>\n\n\n\n<p>En aquel dicho, \u201clos pobres son pobres porque quieren\u201d, h\u00e1bilmente se esconde la narrativa laboral, sus luchas reivindicativas y sus anhelos por ser participe de la historia a trav\u00e9s de la lucha de clases. \u00a0Por eso, este primero de mayo tan at\u00edpico, con un gobierno social dem\u00f3crata en el poder, debemos reivindicar el 1\u00ba de Mayo como el \u201cD\u00eda Internacional de la Clase Trabajadora\u201d, resaltando su dimensi\u00f3n de lucha mundial contra el capitalismo global.<\/p>\n\n\n\n<p>imagen Comunicarte<\/p>\n","protected":false},"excerpt":{"rendered":"<p>El primero de mayo dej\u00f3 de ser un d\u00eda reivindicativo, por lo menos en Guatemala, y se convirti\u00f3 en un d\u00eda de asueto, de feriado o de descanso, menos de lucha, lamentablemente. Los estragos de la guerra contrainsurgente en contra de las organizaciones populares, incluyendo sindicatos y ligas campesinas, ha cobrado factura. Pero despu\u00e9s de [&hellip;]<\/p>\n","protected":false},"author":1,"featured_media":609,"comment_status":"closed","ping_status":"closed","sticky":false,"template":"","format":"standard","meta":{"footnotes":""},"categories":[99,5],"tags":[142,141,140],"class_list":["post-608","post","type-post","status-publish","format-standard","has-post-thumbnail","hentry","category-corrupcion","category-politica","tag-combativo","tag-dia-del-trabajador","tag-primero-de-mayo"],"_links":{"self":[{"href":"https:\/\/ciidgt.org\/catarsis\/wp-json\/wp\/v2\/posts\/608","targetHints":{"allow":["GET"]}}],"collection":[{"href":"https:\/\/ciidgt.org\/catarsis\/wp-json\/wp\/v2\/posts"}],"about":[{"href":"https:\/\/ciidgt.org\/catarsis\/wp-json\/wp\/v2\/types\/post"}],"author":[{"embeddable":true,"href":"https:\/\/ciidgt.org\/catarsis\/wp-json\/wp\/v2\/users\/1"}],"replies":[{"embeddable":true,"href":"https:\/\/ciidgt.org\/catarsis\/wp-json\/wp\/v2\/comments?post=608"}],"version-history":[{"count":1,"href":"https:\/\/ciidgt.org\/catarsis\/wp-json\/wp\/v2\/posts\/608\/revisions"}],"predecessor-version":[{"id":610,"href":"https:\/\/ciidgt.org\/catarsis\/wp-json\/wp\/v2\/posts\/608\/revisions\/610"}],"wp:featuredmedia":[{"embeddable":true,"href":"https:\/\/ciidgt.org\/catarsis\/wp-json\/wp\/v2\/media\/609"}],"wp:attachment":[{"href":"https:\/\/ciidgt.org\/catarsis\/wp-json\/wp\/v2\/media?parent=608"}],"wp:term":[{"taxonomy":"category","embeddable":true,"href":"https:\/\/ciidgt.org\/catarsis\/wp-json\/wp\/v2\/categories?post=608"},{"taxonomy":"post_tag","embeddable":true,"href":"https:\/\/ciidgt.org\/catarsis\/wp-json\/wp\/v2\/tags?post=608"}],"curies":[{"name":"wp","href":"https:\/\/api.w.org\/{rel}","templated":true}]}}