{"id":637,"date":"2024-07-09T18:09:31","date_gmt":"2024-07-09T18:09:31","guid":{"rendered":"https:\/\/ciidgt.org\/catarsis\/?p=637"},"modified":"2024-07-09T18:09:32","modified_gmt":"2024-07-09T18:09:32","slug":"calamidad-de-politicos","status":"publish","type":"post","link":"https:\/\/ciidgt.org\/catarsis\/calamidad-de-politicos\/","title":{"rendered":"Calamidad de pol\u00edticos"},"content":{"rendered":"\n<p>El gobierno present\u00f3 un nuevo estado de calamidad despu\u00e9s del fiasco que cometi\u00f3 en el primer decreto que envi\u00f3 al congreso. El anterior decreto buscaba herramientas para enfrentar los incendios, pero las primeras lluvias se encargaron de cerrar ese episodio sin que la precariedad institucional se solucionar\u00e1. En este nuevo estado de calamidad se busca afrontar y reparar lo m\u00e1s pronto posible la infraestructura vial que lleva a\u00f1os da\u00f1\u00e1ndose por culpa de la corrupci\u00f3n y que con 10 d\u00edas de lluvias se derrumb\u00f3. De ese tama\u00f1o es la magnitud del saqueo p\u00fablico ocurrido durante el gobierno de Giammattei.<\/p>\n\n\n\n<p>Negoci\u00f3 este nuevo estado de calamidad el gobierno de Ar\u00e9valo. Con qui\u00e9n lo hizo. Y cu\u00e1l ser\u00e1 la reacci\u00f3n del pleno, ante esta nueva solicitud.<\/p>\n\n\n\n<p>Nuestra percepci\u00f3n es que el ejecutivo no logr\u00e9 la aprobaci\u00f3n de los diputados. Por varias razones, que a continuaci\u00f3n explic\u00f3, creo que la bancada Semilla no lograr\u00e1 obtener los votos suficientes para una votaci\u00f3n favorable. Basta observar el comportamiento de los tres paladines de la corrupci\u00f3n, para comprobar el desinter\u00e9s que manifiesta \u00c1lvaro Arz\u00fa, Alan Rodr\u00edguez y Sandra Joviel por apoyar al ejecutivo.<\/p>\n\n\n\n<p>Estos tres diputados est\u00e1n m\u00e1s desprestigiados que la fiscal general, lo cual es decir mucho. Pero a\u00fan as\u00ed, hacen ruido y ponen palos en la rueda siempre que pueden, sin importar que al final terminan da\u00f1ando a la poblaci\u00f3n. Pero eso a ellos poco les importa.<\/p>\n\n\n\n<p>En general, el comportamiento de la oposici\u00f3n es un retrato caricaturesco de la corrupci\u00f3n. Y muchos han mostrado que, si no existe coima de por medio, no van aprobar nada de nada que venga de Ar\u00e9valo. Poco les importa el qu\u00e9 dir\u00e1n de la sociedad y la condena moral que reciben.<\/p>\n\n\n\n<p>El hijo de Arz\u00fa se opone, por oponerse a todo. Alan Rodr\u00edguez, el pat\u00e9tico ex presidente del Congreso es un come mierdas, que, como el le\u00f3n, siempre juzga como ladr\u00f3n. Y en su inteligencia sin par, la diputada Joviel y Palomo consideran que no existe una emergencia como tal en el pa\u00eds, a pesar de la realidad.<\/p>\n\n\n\n<p>Si la oposici\u00f3n vela por sus mezquinos intereses, destaca por rastreo, el papel que actualmente tienen los diputados de Vos, quienes se convirtieron en una grotesca caricatura de la sumisi\u00f3n y la desverg\u00fcenza.<\/p>\n\n\n\n<p>Esa oposici\u00f3n sabe perfectamente que, al aprobar un estado de calamidad, aceptan la responsabilidad que les corresponde en la corrupci\u00f3n. Saben que durante el gobierno de Giammattei y de Jimmy Morales en el saqueo del dinero p\u00fablico fue la norma. As\u00ed que un voto favorable, impl\u00edcitamente reconocen su culpa por el estado actual del pa\u00eds. &nbsp;<\/p>\n\n\n\n<p>M\u00e1s all\u00e1 de una oposici\u00f3n ideol\u00f3gica, hay inter\u00e9s de tapar la corrupci\u00f3n que provoc\u00f3 la impunidad.<\/p>\n\n\n\n<p>Es cierto que la oposici\u00f3n est\u00e1 protegida por la fiscal general, pero no del escrutinio p\u00fablico que los evidencia como una pandilla de ladrones rastreros.<\/p>\n\n\n\n<p>Ante la magnitud del problema, el Estado necesita de las herramientas legales para afrontar la reconstrucci\u00f3n del pa\u00eds. Pero tambi\u00e9n, es justo reconocer que Semilla no hace mucho para remediar esta situaci\u00f3n, quiz\u00e1s por incapacidad, tal vez por incompetencia. Y tambi\u00e9n por el cerco penal que sobre ellos existe.<\/p>\n\n\n\n<p>Pero en este caso en particular hay que reconocer que el deterioro del pa\u00eds afecta a la sociedad en su conjunto y algo habr\u00e1 que hacer, con o sin calamidad de por medio, empezando por neutralizar la calamidad de diputados en el congreso.<\/p>\n","protected":false},"excerpt":{"rendered":"<p>El gobierno present\u00f3 un nuevo estado de calamidad despu\u00e9s del fiasco que cometi\u00f3 en el primer decreto que envi\u00f3 al congreso. El anterior decreto buscaba herramientas para enfrentar los incendios, pero las primeras lluvias se encargaron de cerrar ese episodio sin que la precariedad institucional se solucionar\u00e1. En este nuevo estado de calamidad se busca [&hellip;]<\/p>\n","protected":false},"author":1,"featured_media":638,"comment_status":"closed","ping_status":"closed","sticky":false,"template":"","format":"standard","meta":{"footnotes":""},"categories":[99,5],"tags":[155,118,154,87],"class_list":["post-637","post","type-post","status-publish","format-standard","has-post-thumbnail","hentry","category-corrupcion","category-politica","tag-congreso","tag-corrupcion","tag-esstado-de-calamidad","tag-fiscal-general"],"_links":{"self":[{"href":"https:\/\/ciidgt.org\/catarsis\/wp-json\/wp\/v2\/posts\/637","targetHints":{"allow":["GET"]}}],"collection":[{"href":"https:\/\/ciidgt.org\/catarsis\/wp-json\/wp\/v2\/posts"}],"about":[{"href":"https:\/\/ciidgt.org\/catarsis\/wp-json\/wp\/v2\/types\/post"}],"author":[{"embeddable":true,"href":"https:\/\/ciidgt.org\/catarsis\/wp-json\/wp\/v2\/users\/1"}],"replies":[{"embeddable":true,"href":"https:\/\/ciidgt.org\/catarsis\/wp-json\/wp\/v2\/comments?post=637"}],"version-history":[{"count":1,"href":"https:\/\/ciidgt.org\/catarsis\/wp-json\/wp\/v2\/posts\/637\/revisions"}],"predecessor-version":[{"id":639,"href":"https:\/\/ciidgt.org\/catarsis\/wp-json\/wp\/v2\/posts\/637\/revisions\/639"}],"wp:featuredmedia":[{"embeddable":true,"href":"https:\/\/ciidgt.org\/catarsis\/wp-json\/wp\/v2\/media\/638"}],"wp:attachment":[{"href":"https:\/\/ciidgt.org\/catarsis\/wp-json\/wp\/v2\/media?parent=637"}],"wp:term":[{"taxonomy":"category","embeddable":true,"href":"https:\/\/ciidgt.org\/catarsis\/wp-json\/wp\/v2\/categories?post=637"},{"taxonomy":"post_tag","embeddable":true,"href":"https:\/\/ciidgt.org\/catarsis\/wp-json\/wp\/v2\/tags?post=637"}],"curies":[{"name":"wp","href":"https:\/\/api.w.org\/{rel}","templated":true}]}}