{"id":641,"date":"2024-07-18T14:10:21","date_gmt":"2024-07-18T14:10:21","guid":{"rendered":"https:\/\/ciidgt.org\/catarsis\/?p=641"},"modified":"2024-07-18T14:10:22","modified_gmt":"2024-07-18T14:10:22","slug":"tres-disparos-contra-trump-por-un-motivo","status":"publish","type":"post","link":"https:\/\/ciidgt.org\/catarsis\/tres-disparos-contra-trump-por-un-motivo\/","title":{"rendered":"Tres disparos contra Trump por un motivo"},"content":{"rendered":"\n<p>A trav\u00e9s de la red social X, el Ministerio P\u00fablico expres\u00f3 su solidaridad con Donald Trump tras el atentado que le caus\u00f3 heridas. Minutos despu\u00e9s, el jefe de la FECI escribi\u00f3 en X que, bas\u00e1ndose en su experiencia como fiscal, estaba seguro de que el hecho no era un autoatentado, aunque hasta ese momento ni el propio FBI hab\u00eda descartado esa posibilidad. En cualquier caso, el mensaje institucional del Ministerio P\u00fablico nunca debi\u00f3 emitirse, ya que no corresponde a sus funciones. Para eso est\u00e1 el Ministerio de Relaciones Exteriores.<\/p>\n\n\n\n<p>Consuelo Porras ha insistido desde hace tiempo en asumir papeles y funciones que no le corresponden al Ministerio P\u00fablico. No es la primera vez que se utiliza la instituci\u00f3n para distanciarse del ejecutivo, como si el MP fuera una instancia aparte del Estado. Con estas acciones, Porras hace oposici\u00f3n pol\u00edtica contra el mismo ente del que forma parte, violando las bases jur\u00eddicas de todo Estado. Por eso es necesario explicar este exabrupto y el motivo que lo provoca.<\/p>\n\n\n\n<p>Primer disparo: Consuelo Porras apost\u00f3 por Donald Trump para contrarrestar las sanciones impuestas sobre ella y su equipo por parte del Departamento de Estado. Ser incluida como agente corrupto no le agrad\u00f3 en absoluto. Piensa que al expresar su adhesi\u00f3n, solidaridad y afinidad con Donald Trump y sus ideas, quedar\u00e1 libre de culpa. En general, el pacto de corruptos apuesta por el infame paralelismo entre el primer Trump, que contribuy\u00f3 a la eliminaci\u00f3n de la lucha contra la corrupci\u00f3n al retirar los fondos a la CICIG, y este segundo Trump, que se opone a las pol\u00edticas dem\u00f3cratas en casi todos los \u00e1mbitos, incluyendo la pol\u00edtica exterior.<\/p>\n\n\n\n<p>Segundo disparo: En la actualidad, el pacto de corruptos necesita mostrar el poder que detentan para generar miedo y adhesiones; as\u00ed que cualquier ocasi\u00f3n es propicia para ostentar esa determinaci\u00f3n. De facto, la fiscal necesita mejorar la percepci\u00f3n que se tiene de ella. No puede accionar a favor de la corrupci\u00f3n y la protecci\u00f3n oficiosa del sistema corrupto y al mismo tiempo erigirse como opci\u00f3n para gobernar. Promoverse como garante del orden conservador, pro familia y anticomunista es insuficiente. Con eso no basta, porque la corrupci\u00f3n es un tema que eclipsa todo lo dem\u00e1s y, en la actualidad, es m\u00e1s que obvio que es desde el MP que se defiende la impunidad y la corrupci\u00f3n.<\/p>\n\n\n\n<p>Tercer disparo: Tomando en cuenta que las elecciones en Estados Unidos son en noviembre de este a\u00f1o y el ganador asumir\u00e1 el cargo en enero, la fiscal tiene un a\u00f1o para \u201cconstruir\u201d o \u201ccrear\u201d un caso contra Ar\u00e9valo. En este punto, se tendr\u00eda menos de un a\u00f1o para definir qui\u00e9n se va, si el presidente Ar\u00e9valo o la jefa del MP, seleccionada por Giammattei en un proceso viciado. En esa l\u00f3gica, apoyar a Trump puede significar que una vez presidente, le devuelva el favor al mirar hacia otro lado cuando aqu\u00ed se produzca el golpe de estado judicial.<\/p>\n\n\n\n<p>El desaf\u00edo es grande, pero las intenciones tambi\u00e9n. Apostar por el caballo ganador puede mejorar las posibilidades de \u00e9xito local y modificar la correlaci\u00f3n de fuerzas frente a la embajada gringa en el pa\u00eds. Retomar el control del ejecutivo pasa por sostener el discurso confrontativo en contra de Semilla y su entorno. El discurso anti comunista del principio se transform\u00f3 en una \u201clibertaria\u201d, consientes que la ola derechista que se propaga por Am\u00e9rica del Sur, es el camino correcto para reconvertir Guatemala en un pa\u00eds \u201cpro vida libertaria y bendecido\u201d o lo que eso pueda significar.<\/p>\n\n\n\n<p>El motivo: Se especula que tanto Trump como Biden pueden estar involucrados en estos hechos. Primero se manej\u00f3 como un autoatentado para consolidar el triunfo del republicano, pero luego tambi\u00e9n surgieron sospechas sobre el actuar del servicio secreto y las fallas de seguridad en esos momentos. En todo caso, los republicanos se\u00f1alaron directamente al enemigo del atentado, cuidando no mencionar a alguien en especial, y resaltaron la valent\u00eda del expresidente para enfrentar dicha situaci\u00f3n. Por su parte, los dem\u00f3cratas contin\u00faan pregunt\u00e1ndose si no hace falta otro candidato antes de dar por perdida la elecci\u00f3n. Trump, en estos momentos, solo piensa en ganar las elecciones. Biden, en cambio, se pregunta si llegar\u00e1 sano al segundo debate. El atentado es condenable, independientemente de que digan que fue un montaje. Sin embargo, lo cierto es que este hecho puede marcar el rumbo de la campa\u00f1a. Basta recordar a Bolsonaro en Brasil, quien pas\u00f3 de ser un ilustre desconocido hasta el atentado en su contra, convirti\u00e9ndose en presidente de Brasil posteriormente. Algo as\u00ed no sucede dos veces por casualidad.<\/p>\n\n\n\n<p>Para consuelo de algunos y desconsuelo de otros, en Guatemala no habr\u00e1 elecciones. Lo que no significa que no pueda haber atentados. Quiz\u00e1s el atentado que m\u00e1s se prepara con detalle profundo es en contra de la democracia. Por eso la reacci\u00f3n institucional de condena se apeg\u00f3 en todo momento al guion establecido, un poco para dominar el escenario pol\u00edtico, un poco para demostrar poder, y un poco m\u00e1s, para mostrar afinidad a la causa trumpista. Por qu\u00e9, sumar esfuerzos para concretar un golpe de estado, implica, nos guste o no, tener de nuestro lado al poder hegem\u00f3nico mundial.<\/p>\n","protected":false},"excerpt":{"rendered":"<p>A trav\u00e9s de la red social X, el Ministerio P\u00fablico expres\u00f3 su solidaridad con Donald Trump tras el atentado que le caus\u00f3 heridas. Minutos despu\u00e9s, el jefe de la FECI escribi\u00f3 en X que, bas\u00e1ndose en su experiencia como fiscal, estaba seguro de que el hecho no era un autoatentado, aunque hasta ese momento ni [&hellip;]<\/p>\n","protected":false},"author":1,"featured_media":642,"comment_status":"closed","ping_status":"closed","sticky":false,"template":"","format":"standard","meta":{"footnotes":""},"categories":[10,13,5],"tags":[157,158,87,86,116],"class_list":["post-641","post","type-post","status-publish","format-standard","has-post-thumbnail","hentry","category-globalizacion","category-internacional","category-politica","tag-atentado","tag-fbi","tag-fiscal-general","tag-mp","tag-trump"],"_links":{"self":[{"href":"https:\/\/ciidgt.org\/catarsis\/wp-json\/wp\/v2\/posts\/641","targetHints":{"allow":["GET"]}}],"collection":[{"href":"https:\/\/ciidgt.org\/catarsis\/wp-json\/wp\/v2\/posts"}],"about":[{"href":"https:\/\/ciidgt.org\/catarsis\/wp-json\/wp\/v2\/types\/post"}],"author":[{"embeddable":true,"href":"https:\/\/ciidgt.org\/catarsis\/wp-json\/wp\/v2\/users\/1"}],"replies":[{"embeddable":true,"href":"https:\/\/ciidgt.org\/catarsis\/wp-json\/wp\/v2\/comments?post=641"}],"version-history":[{"count":1,"href":"https:\/\/ciidgt.org\/catarsis\/wp-json\/wp\/v2\/posts\/641\/revisions"}],"predecessor-version":[{"id":643,"href":"https:\/\/ciidgt.org\/catarsis\/wp-json\/wp\/v2\/posts\/641\/revisions\/643"}],"wp:featuredmedia":[{"embeddable":true,"href":"https:\/\/ciidgt.org\/catarsis\/wp-json\/wp\/v2\/media\/642"}],"wp:attachment":[{"href":"https:\/\/ciidgt.org\/catarsis\/wp-json\/wp\/v2\/media?parent=641"}],"wp:term":[{"taxonomy":"category","embeddable":true,"href":"https:\/\/ciidgt.org\/catarsis\/wp-json\/wp\/v2\/categories?post=641"},{"taxonomy":"post_tag","embeddable":true,"href":"https:\/\/ciidgt.org\/catarsis\/wp-json\/wp\/v2\/tags?post=641"}],"curies":[{"name":"wp","href":"https:\/\/api.w.org\/{rel}","templated":true}]}}