{"id":645,"date":"2024-07-26T14:05:04","date_gmt":"2024-07-26T14:05:04","guid":{"rendered":"https:\/\/ciidgt.org\/catarsis\/?p=645"},"modified":"2024-07-26T14:05:04","modified_gmt":"2024-07-26T14:05:04","slug":"una-vision-economica-de-la-coyuntura-actual","status":"publish","type":"post","link":"https:\/\/ciidgt.org\/catarsis\/una-vision-economica-de-la-coyuntura-actual\/","title":{"rendered":"Una visi\u00f3n econ\u00f3mica de la coyuntura actual"},"content":{"rendered":"\n<p><strong>Mario Rodr\u00edguez Acosta<\/strong><\/p>\n\n\n\n<p>A primera vista, la econom\u00eda guatemalteca es, por mucho, la m\u00e1s din\u00e1mica de Centroam\u00e9rica, si se toma en cuenta que tiene la mayor poblaci\u00f3n, el mayor producto interno bruto y su econom\u00eda se encuentra en pleno crecimiento, incluso despu\u00e9s de la recuperaci\u00f3n de la pandemia del Covid-19. Eso la ubica como una econom\u00eda en pleno desarrollo y para las instituciones financieras internacionales, la consideran una econom\u00eda din\u00e1mica.<\/p>\n\n\n\n<p>Seg\u00fan esas instituciones ese dinamismo se debe a la estabilidad macroecon\u00f3mica, a una gesti\u00f3n fiscal prudente y al mantenimiento de una econom\u00eda abierta, tres elementos que contribuyen al crecimiento econ\u00f3mico y a la estabilidad que actualmente tiene la econom\u00eda guatemalteca.<\/p>\n\n\n\n<p>Pero qu\u00e9 significa esto para la econom\u00eda popular, para las poblaciones rurales, para los pueblos ind\u00edgenas, para el sector informal de la econom\u00eda y en general para la poblaci\u00f3n trabajadora. Y por qu\u00e9, si existe crecimiento econ\u00f3mico por encima del promedio hist\u00f3rico, este no se traduce en una reducci\u00f3n de la pobreza; por el contrario, el crecimiento de la riqueza lleva consigo un incremento de los niveles de desigualdad y la pobreza. Por qu\u00e9 los indicadores de desarrollo humano est\u00e1n estancados y se ubican entre los m\u00e1s bajos del continente y la pobreza se ha incrementado, sin cumplir los Objetivos de Desarrollo Sustentable ODS a los qu\u00e9 el pa\u00eds se comprometi\u00f3.<\/p>\n\n\n\n<p>La coyuntura actual se puede resumir de la siguiente manera: la econom\u00eda guatemalteca funciona sobre la base de un modelo que privilegia el equilibrio macroecon\u00f3mico, con una democracia d\u00e9bil, una sociedad fragmentada y un sistema pol\u00edtico y judicial socavado por la corrupci\u00f3n y la cooptaci\u00f3n, producto de la degradaci\u00f3n de la pol\u00edtica, provocada por el modelo neoliberal. Esto permite que sean las \u00e9lites econ\u00f3micas y los grupos pol\u00edticos que controlan el poder, con la participaci\u00f3n del crimen organizado, los \u00fanicos que se beneficien del sistema econ\u00f3mico, pues las pol\u00edticas p\u00fablicas no responden a las necesidades de la poblaci\u00f3n.<\/p>\n\n\n\n<p>En ese escenario, el modelo econ\u00f3mico no se puso en duda, ni en peligro. El esquema desarrollado por el neoliberalismo criollo est\u00e1 sustentado en un andamiaje legal que impide cambios sustanciales en la orientaci\u00f3n econ\u00f3mica, adem\u00e1s es respaldado por la sumisi\u00f3n intelectual de la \u00e9lite gobernante, dado que la mayor parte de tecn\u00f3cratas y funcionarios de gobierno han adoptado el pensamiento neoliberal como una receta que habr\u00e1 que seguir para cumplir con los objetivos y metas propuestas en materia econ\u00f3mica.<\/p>\n\n\n\n<p>Desde la implementaci\u00f3n de los programas de ajuste estructural, el nuevo papel del estado en la econom\u00eda y la implementaci\u00f3n de la pol\u00edtica econ\u00f3mica neoliberal ha generado una generaci\u00f3n de pol\u00edticos, t\u00e9cnicos y funcionarios p\u00fablicos que piensan y act\u00faan en clave neoliberal sin importar su orientaci\u00f3n ideol\u00f3gica y su postura pol\u00edtica sobre problemas reales que deben resolver. Tener presente esto, permitir\u00e1 comprender por qu\u00e9 en un pa\u00eds con tantos recursos naturales y con un aparato productivo que produce la mayor riqueza del istmo centroamericano, existe tanta desigualdad social que provoca la muerte por desnutrici\u00f3n de la ni\u00f1ez rural en situaci\u00f3n de riesgo y por qu\u00e9 los conflictos sociales y la violencia son parte del mismo proceso de explotaci\u00f3n.<\/p>\n\n\n\n<p>El dinamismo que refleja este cambio en la econom\u00eda guatemalteca, no se sustenta, sin embargo, en una mejora significativa del coeficiente de pobreza, ni el coeficiente de Gini y por lo tanto, esto no se traduce en una mejora significativa que disminuya la desigualdad.<\/p>\n\n\n\n<p>Guatemala se encuentra en un momento delicado de su desarrollo econ\u00f3mico, pol\u00edtico y democr\u00e1tico. Al deterioro de la situaci\u00f3n pol\u00edtica se suma la inconsistencia de la pol\u00edtica social del actual gobierno social dem\u00f3crata de Bernardo Ar\u00e9valo, que, a pesar de la mejora en los lineamientos de pol\u00edtica, en 6 menos poco o nada ha cambiado. Nuevamente se fortalece la pol\u00edtica extractiva, la defensa de la propiedad privada y el fortalecimiento de las estructuras productivas en el agro guatemalteco. \u00a0\u00a0<\/p>\n\n\n\n<p>La elevada incidencia de la informalidad en los trabajadores j\u00f3venes, es una bomba de tiempo, seg\u00fan la OIT, debido a que el estado no desarroll\u00f3 proyectos que incentiven la creaci\u00f3n de puestos de trabajo y la educaci\u00f3n ha sufrido una serie de complicaciones que hacen dif\u00edcil estimular una mejorar en la preparaci\u00f3n de los j\u00f3venes el proceso de migraci\u00f3n continuar\u00e1 a pesar de los riesgos que ello implica sorteando los obst\u00e1culos que imponen Estados Unidos.<\/p>\n\n\n\n<p>Como se observa, existe una multi polarizaci\u00f3n en distintos campos que hasta el momento afectan tangencialmente la esfera econ\u00f3mica. Lo m\u00e1s urgente es reorientar las pol\u00edticas p\u00fablicas, pues la misma inercia del gobierno hace que la continuidad de las acciones econ\u00f3micas no tiene sentido cuando no lograr desactivar dicha conflictividad, m\u00e1s bien, los posibles incrementos de los precios de la canasta b\u00e1sica, han generado inquietud entre la poblaci\u00f3n, mientras no den respuestas a las demandas sociales, m\u00e1s bien se acomodan a pactos pol\u00edticos.<\/p>\n\n\n\n<p>Cuesta imaginar el futuro mejor si el gobierno no tiene una visi\u00f3n clara, ni logra eliminar el mayor peligro pol\u00edtico que en la actualidad tiene y est\u00e1 representada por la fiscal general.<\/p>\n","protected":false},"excerpt":{"rendered":"<p>Mario Rodr\u00edguez Acosta A primera vista, la econom\u00eda guatemalteca es, por mucho, la m\u00e1s din\u00e1mica de Centroam\u00e9rica, si se toma en cuenta que tiene la mayor poblaci\u00f3n, el mayor producto interno bruto y su econom\u00eda se encuentra en pleno crecimiento, incluso despu\u00e9s de la recuperaci\u00f3n de la pandemia del Covid-19. Eso la ubica como una [&hellip;]<\/p>\n","protected":false},"author":1,"featured_media":646,"comment_status":"closed","ping_status":"closed","sticky":false,"template":"","format":"standard","meta":{"footnotes":""},"categories":[29],"tags":[66,160,43,159],"class_list":["post-645","post","type-post","status-publish","format-standard","has-post-thumbnail","hentry","category-economia","tag-coyuntura","tag-macroeconomia","tag-pobreza-2","tag-vision-economica"],"_links":{"self":[{"href":"https:\/\/ciidgt.org\/catarsis\/wp-json\/wp\/v2\/posts\/645","targetHints":{"allow":["GET"]}}],"collection":[{"href":"https:\/\/ciidgt.org\/catarsis\/wp-json\/wp\/v2\/posts"}],"about":[{"href":"https:\/\/ciidgt.org\/catarsis\/wp-json\/wp\/v2\/types\/post"}],"author":[{"embeddable":true,"href":"https:\/\/ciidgt.org\/catarsis\/wp-json\/wp\/v2\/users\/1"}],"replies":[{"embeddable":true,"href":"https:\/\/ciidgt.org\/catarsis\/wp-json\/wp\/v2\/comments?post=645"}],"version-history":[{"count":1,"href":"https:\/\/ciidgt.org\/catarsis\/wp-json\/wp\/v2\/posts\/645\/revisions"}],"predecessor-version":[{"id":647,"href":"https:\/\/ciidgt.org\/catarsis\/wp-json\/wp\/v2\/posts\/645\/revisions\/647"}],"wp:featuredmedia":[{"embeddable":true,"href":"https:\/\/ciidgt.org\/catarsis\/wp-json\/wp\/v2\/media\/646"}],"wp:attachment":[{"href":"https:\/\/ciidgt.org\/catarsis\/wp-json\/wp\/v2\/media?parent=645"}],"wp:term":[{"taxonomy":"category","embeddable":true,"href":"https:\/\/ciidgt.org\/catarsis\/wp-json\/wp\/v2\/categories?post=645"},{"taxonomy":"post_tag","embeddable":true,"href":"https:\/\/ciidgt.org\/catarsis\/wp-json\/wp\/v2\/tags?post=645"}],"curies":[{"name":"wp","href":"https:\/\/api.w.org\/{rel}","templated":true}]}}