{"id":651,"date":"2024-07-31T00:53:21","date_gmt":"2024-07-31T00:53:21","guid":{"rendered":"https:\/\/ciidgt.org\/catarsis\/?p=651"},"modified":"2024-07-31T00:53:22","modified_gmt":"2024-07-31T00:53:22","slug":"el-pasivo","status":"publish","type":"post","link":"https:\/\/ciidgt.org\/catarsis\/el-pasivo\/","title":{"rendered":"El pasivo"},"content":{"rendered":"\n<p>Mario Rodr\u00edguez Acosta<\/p>\n\n\n\n<p>El gobierno de Bernardo Ar\u00e9valo est\u00e1 de capa ca\u00edda. En poco tiempo, perdi\u00f3 un enorme caudal de apoyo y cada d\u00eda que pasa su poder se erosiona r\u00e1pidamente. &nbsp;Incluso en su entorno existe escepticismo, con gente que habitualmente defend\u00eda y justificaba cada acci\u00f3n, ahora mismo considera necesario que el mandatario deje la pasividad, pase a la ofensiva y frene de una vez por todas al pacto de corruptos.<\/p>\n\n\n\n<p>Cada d\u00eda que pasa, surgen m\u00e1s personajes que apunta a concretar el golpe. Un d\u00eda s\u00ed, y el otro tambi\u00e9n, desde el Ministerio P\u00fablico se construye un cerco en contra del mandatario y su entorno. &nbsp;Se pasan los d\u00edas sin respuesta, sin freno, sin alternativa, mientras el entorno del pacto se crece, se posiciona y traspasa los l\u00edmites.<\/p>\n\n\n\n<p>La \u00faltima historia de cerco e intimidaci\u00f3n en contra de la vice presidenta, por unos encapuchados, han provocado verg\u00fcenza, indignaci\u00f3n y rabia. No es posible que los delincuentes puedan hacer lo que les venga en gana, por la pasividad de la cual hacen gala los funcionarios del ejecutivo. No se puede dejar pasar una cosa as\u00ed.<\/p>\n\n\n\n<p>Llevamos meses con el mismo guion. Se activan nuevos casos, se profundiza el cerco judicial, se torpedean las acciones ejecutivas, se reclutan nuevos integrantes para el pacto de corruptos y sobre todo, se impide gobernar, ya sea por miedo, por ineptitud y negligencia, o por que la fiscal ha interpretado perfectamente la cobard\u00eda del gobierno para enfrentar esta plaga, que ahora los golpes van y viene de forma tupida y sostenida, que ponen a tiro el golpe final.<\/p>\n\n\n\n<p>Los funcionarios del ejecutivo deben reaccionar urgentemente. Con comunicados y mensajes en X no se resuelve nada. Es urgente que se den cuenta que est\u00e1 en riesgo la esperanza, lo \u00faltimo que va quedando despu\u00e9s de aquella defensa democr\u00e1tica del voto popular.<\/p>\n\n\n\n<p><\/p>\n","protected":false},"excerpt":{"rendered":"<p>Mario Rodr\u00edguez Acosta El gobierno de Bernardo Ar\u00e9valo est\u00e1 de capa ca\u00edda. En poco tiempo, perdi\u00f3 un enorme caudal de apoyo y cada d\u00eda que pasa su poder se erosiona r\u00e1pidamente. &nbsp;Incluso en su entorno existe escepticismo, con gente que habitualmente defend\u00eda y justificaba cada acci\u00f3n, ahora mismo considera necesario que el mandatario deje la [&hellip;]<\/p>\n","protected":false},"author":1,"featured_media":548,"comment_status":"closed","ping_status":"closed","sticky":false,"template":"","format":"standard","meta":{"footnotes":""},"categories":[99,5],"tags":[84,118,87],"class_list":["post-651","post","type-post","status-publish","format-standard","has-post-thumbnail","hentry","category-corrupcion","category-politica","tag-bernardo-arevalo","tag-corrupcion","tag-fiscal-general"],"_links":{"self":[{"href":"https:\/\/ciidgt.org\/catarsis\/wp-json\/wp\/v2\/posts\/651","targetHints":{"allow":["GET"]}}],"collection":[{"href":"https:\/\/ciidgt.org\/catarsis\/wp-json\/wp\/v2\/posts"}],"about":[{"href":"https:\/\/ciidgt.org\/catarsis\/wp-json\/wp\/v2\/types\/post"}],"author":[{"embeddable":true,"href":"https:\/\/ciidgt.org\/catarsis\/wp-json\/wp\/v2\/users\/1"}],"replies":[{"embeddable":true,"href":"https:\/\/ciidgt.org\/catarsis\/wp-json\/wp\/v2\/comments?post=651"}],"version-history":[{"count":1,"href":"https:\/\/ciidgt.org\/catarsis\/wp-json\/wp\/v2\/posts\/651\/revisions"}],"predecessor-version":[{"id":652,"href":"https:\/\/ciidgt.org\/catarsis\/wp-json\/wp\/v2\/posts\/651\/revisions\/652"}],"wp:featuredmedia":[{"embeddable":true,"href":"https:\/\/ciidgt.org\/catarsis\/wp-json\/wp\/v2\/media\/548"}],"wp:attachment":[{"href":"https:\/\/ciidgt.org\/catarsis\/wp-json\/wp\/v2\/media?parent=651"}],"wp:term":[{"taxonomy":"category","embeddable":true,"href":"https:\/\/ciidgt.org\/catarsis\/wp-json\/wp\/v2\/categories?post=651"},{"taxonomy":"post_tag","embeddable":true,"href":"https:\/\/ciidgt.org\/catarsis\/wp-json\/wp\/v2\/tags?post=651"}],"curies":[{"name":"wp","href":"https:\/\/api.w.org\/{rel}","templated":true}]}}