{"id":765,"date":"2025-01-05T22:47:56","date_gmt":"2025-01-05T22:47:56","guid":{"rendered":"https:\/\/ciidgt.org\/catarsis\/?p=765"},"modified":"2025-01-05T22:54:36","modified_gmt":"2025-01-05T22:54:36","slug":"marco-rubio-y-el-gobierno-de-arevalo","status":"publish","type":"post","link":"https:\/\/ciidgt.org\/catarsis\/marco-rubio-y-el-gobierno-de-arevalo\/","title":{"rendered":"Marco Rubio y el gobierno de Ar\u00e9valo"},"content":{"rendered":"\n<p>Mario Rodr\u00edguez Acosta<\/p>\n\n\n\n<p>Si algo ha logrado el pacto de los corruptos es mantener siempre abierta la comunicaci\u00f3n con el Departamento de Estado y con las \u00e9lites del \u00abestado profundo\u00bb estadounidense. Con los dem\u00f3cratas, las sanciones nunca fueron m\u00e1s all\u00e1 de medidas individuales, como la cancelaci\u00f3n de visas y condenas superficiales contra ciertos personajes, quienes continuaron con sus vidas corruptas sin mayor alteraci\u00f3n.<\/p>\n\n\n\n<p>La estrecha vinculaci\u00f3n de este pacto con los neoconservadores y los donantes neopentecostales de EE. UU., junto con el apoyo expl\u00edcito que, desde la Fiscal General hasta Fundesa, brindaron al candidato que hoy es presidente electo, Donald Trump, le da a esta alianza criminal una ventaja estrat\u00e9gica en su intento por llevar a cabo un golpe de Estado similar al de Per\u00fa.<\/p>\n\n\n\n<p>No es que se haya abierto una oportunidad para destituir al gobierno de Semilla; m\u00e1s bien, fueron precisamente ellos, los del pacto, quienes crearon esa oportunidad. Una estrategia que fue anunciada y presumida por el Fiscal de la FECI, quien nunca ha escondido sus objetivos maquiav\u00e9licos.<\/p>\n\n\n\n<p>Si se confirma que Marco Rubio ser\u00e1 el pr\u00f3ximo secretario de Estado, es probable que los d\u00edas de Bernardo Ar\u00e9valo al frente del gobierno est\u00e9n contados. Esto se hace a\u00fan m\u00e1s probable ahora, que Ligia Hern\u00e1ndez ha aceptado cargos para poner fin al acoso judicial que le impuso Consuelo Porras.<\/p>\n\n\n\n<p>A pesar de un comunicado emitido por el senador Rubio, en la antesala de la toma de posesi\u00f3n de Ar\u00e9valo, en el que llam\u00f3 a respetar el estado de derecho y la transici\u00f3n, ya como secretario de Estado, es poco probable que se oponga a la ofensiva judicial contra el mandatario.<\/p>\n\n\n\n<p>Rubio ha mostrado cambios de postura siempre que le ha sido conveniente. Llam\u00f3 a Trump \u00abestafador\u00bb, apoy\u00f3 la reforma migratoria de Biden y, recientemente, ha manifestado que China representa el principal dolor de cabeza para Estados Unidos, no Rusia, y ha exigido un enfoque pragm\u00e1tico para resolver el conflicto.<\/p>\n\n\n\n<p>En resumen, se puede y se debe respetar el estado de derecho, pero siempre y cuando sean Consuelo Porras y la \u00e9lite del CACIF quienes definan qu\u00e9 significa realmente \u00abestado de derecho\u00bb, pues, en la pr\u00e1ctica, los jueces y tribunales en Guatemala tambi\u00e9n abogan por que se les levante el veto de visa para poder regresar a Miami de compras.<\/p>\n","protected":false},"excerpt":{"rendered":"<p>Mario Rodr\u00edguez Acosta Si algo ha logrado el pacto de los corruptos es mantener siempre abierta la comunicaci\u00f3n con el Departamento de Estado y con las \u00e9lites del \u00abestado profundo\u00bb estadounidense. Con los dem\u00f3cratas, las sanciones nunca fueron m\u00e1s all\u00e1 de medidas individuales, como la cancelaci\u00f3n de visas y condenas superficiales contra ciertos personajes, quienes [&hellip;]<\/p>\n","protected":false},"author":1,"featured_media":770,"comment_status":"closed","ping_status":"closed","sticky":false,"template":"","format":"standard","meta":{"footnotes":""},"categories":[10,13,5],"tags":[170,18,171,169],"class_list":["post-765","post","type-post","status-publish","format-standard","has-post-thumbnail","hentry","category-globalizacion","category-internacional","category-politica","tag-arevalo","tag-eeuu","tag-fundesa","tag-marco-rubio"],"_links":{"self":[{"href":"https:\/\/ciidgt.org\/catarsis\/wp-json\/wp\/v2\/posts\/765","targetHints":{"allow":["GET"]}}],"collection":[{"href":"https:\/\/ciidgt.org\/catarsis\/wp-json\/wp\/v2\/posts"}],"about":[{"href":"https:\/\/ciidgt.org\/catarsis\/wp-json\/wp\/v2\/types\/post"}],"author":[{"embeddable":true,"href":"https:\/\/ciidgt.org\/catarsis\/wp-json\/wp\/v2\/users\/1"}],"replies":[{"embeddable":true,"href":"https:\/\/ciidgt.org\/catarsis\/wp-json\/wp\/v2\/comments?post=765"}],"version-history":[{"count":1,"href":"https:\/\/ciidgt.org\/catarsis\/wp-json\/wp\/v2\/posts\/765\/revisions"}],"predecessor-version":[{"id":767,"href":"https:\/\/ciidgt.org\/catarsis\/wp-json\/wp\/v2\/posts\/765\/revisions\/767"}],"wp:featuredmedia":[{"embeddable":true,"href":"https:\/\/ciidgt.org\/catarsis\/wp-json\/wp\/v2\/media\/770"}],"wp:attachment":[{"href":"https:\/\/ciidgt.org\/catarsis\/wp-json\/wp\/v2\/media?parent=765"}],"wp:term":[{"taxonomy":"category","embeddable":true,"href":"https:\/\/ciidgt.org\/catarsis\/wp-json\/wp\/v2\/categories?post=765"},{"taxonomy":"post_tag","embeddable":true,"href":"https:\/\/ciidgt.org\/catarsis\/wp-json\/wp\/v2\/tags?post=765"}],"curies":[{"name":"wp","href":"https:\/\/api.w.org\/{rel}","templated":true}]}}