{"id":774,"date":"2025-01-07T01:18:58","date_gmt":"2025-01-07T01:18:58","guid":{"rendered":"https:\/\/ciidgt.org\/catarsis\/?p=774"},"modified":"2025-01-07T01:18:59","modified_gmt":"2025-01-07T01:18:59","slug":"el-ano-aleman-el-relato","status":"publish","type":"post","link":"https:\/\/ciidgt.org\/catarsis\/el-ano-aleman-el-relato\/","title":{"rendered":"El a\u00f1o alem\u00e1n (El relato)"},"content":{"rendered":"\n<p><strong>En la infamia y complicidad europea con el genocidio de Gaza, ning\u00fan pa\u00eds destaca tanto como Alemania. El <em>establishment<\/em> alem\u00e1n demuestra que no solo no ha aprendido nada de su pasado sino que utiliza ese pasado para justificar un nuevo genocidio. No es confusi\u00f3n mental, no es torpeza, no es la proverbial ausencia de empat\u00eda y humanismo elemental del <em>car\u00e1cter autoritario<\/em>, no es ambig\u00fcedad: es pura continuidad con el pasado alem\u00e1n. Impronta nacional. De repente queda clara la gran comedia del cacareado <em>Vergangenheitsbew\u00e4ltigung<\/em>: Alemania sigue estando, sin despeinarse, en el bando infame de la historia, del lado de los criminales y penalizando a la parte sana de su sociedad, horrorizada ante tanta bajeza y deshonor. En <em>New Left Review<\/em>, Thomas Meaney describe en este calendario la toxicidad del ambiente euroalem\u00e1n en el a\u00f1o 24 del siglo XXI. (RPdF)<\/strong><\/p>\n\n\n\n<p>Autor: <strong>Thomas Meaney<\/strong><\/p>\n\n\n\n<p>Fuente: <a href=\"https:\/\/rafaelpoch.com\/\">https:\/\/rafaelpoch.com\/<\/a><\/p>\n","protected":false},"excerpt":{"rendered":"<p>En la infamia y complicidad europea con el genocidio de Gaza, ning\u00fan pa\u00eds destaca tanto como Alemania. El establishment alem\u00e1n demuestra que no solo no ha aprendido nada de su pasado sino que utiliza ese pasado para justificar un nuevo genocidio. No es confusi\u00f3n mental, no es torpeza, no es la proverbial ausencia de empat\u00eda [&hellip;]<\/p>\n","protected":false},"author":1,"featured_media":775,"comment_status":"closed","ping_status":"closed","sticky":false,"template":"","format":"standard","meta":{"footnotes":""},"categories":[174],"tags":[175],"class_list":["post-774","post","type-post","status-publish","format-standard","has-post-thumbnail","hentry","category-el-relato","tag-alemania"],"_links":{"self":[{"href":"https:\/\/ciidgt.org\/catarsis\/wp-json\/wp\/v2\/posts\/774","targetHints":{"allow":["GET"]}}],"collection":[{"href":"https:\/\/ciidgt.org\/catarsis\/wp-json\/wp\/v2\/posts"}],"about":[{"href":"https:\/\/ciidgt.org\/catarsis\/wp-json\/wp\/v2\/types\/post"}],"author":[{"embeddable":true,"href":"https:\/\/ciidgt.org\/catarsis\/wp-json\/wp\/v2\/users\/1"}],"replies":[{"embeddable":true,"href":"https:\/\/ciidgt.org\/catarsis\/wp-json\/wp\/v2\/comments?post=774"}],"version-history":[{"count":1,"href":"https:\/\/ciidgt.org\/catarsis\/wp-json\/wp\/v2\/posts\/774\/revisions"}],"predecessor-version":[{"id":776,"href":"https:\/\/ciidgt.org\/catarsis\/wp-json\/wp\/v2\/posts\/774\/revisions\/776"}],"wp:featuredmedia":[{"embeddable":true,"href":"https:\/\/ciidgt.org\/catarsis\/wp-json\/wp\/v2\/media\/775"}],"wp:attachment":[{"href":"https:\/\/ciidgt.org\/catarsis\/wp-json\/wp\/v2\/media?parent=774"}],"wp:term":[{"taxonomy":"category","embeddable":true,"href":"https:\/\/ciidgt.org\/catarsis\/wp-json\/wp\/v2\/categories?post=774"},{"taxonomy":"post_tag","embeddable":true,"href":"https:\/\/ciidgt.org\/catarsis\/wp-json\/wp\/v2\/tags?post=774"}],"curies":[{"name":"wp","href":"https:\/\/api.w.org\/{rel}","templated":true}]}}