{"id":801,"date":"2025-03-19T18:37:23","date_gmt":"2025-03-19T18:37:23","guid":{"rendered":"https:\/\/ciidgt.org\/catarsis\/?p=801"},"modified":"2025-03-19T18:37:23","modified_gmt":"2025-03-19T18:37:23","slug":"la-erratica-politica-de-bernardo-arevalo-un-camino-hacia-la-confrontacion-innecesaria","status":"publish","type":"post","link":"https:\/\/ciidgt.org\/catarsis\/la-erratica-politica-de-bernardo-arevalo-un-camino-hacia-la-confrontacion-innecesaria\/","title":{"rendered":"La err\u00e1tica pol\u00edtica de Bernardo Ar\u00e9valo: \u00bfUn camino hacia la confrontaci\u00f3n innecesaria?"},"content":{"rendered":"\n<p>No nos enga\u00f1emos: esto no es una lucha jur\u00eddica ni tampoco una defensa de la democracia. Es, simple y llanamente, una lucha pol\u00edtica que el gobierno de Bernardo Ar\u00e9valo y su partido, Semilla, est\u00e1n perdiendo debido a una combinaci\u00f3n de ineptitud, improvisaci\u00f3n y falta de estrategia. El escenario actual es preocupante y parece abrirle paso a intereses oscuros que buscan aprovecharse de esta fragilidad. <\/p>\n\n\n\n<p>El supuesto paro nacional organizado por sectores opositores no es m\u00e1s que el pre\u00e1mbulo de una insurrecci\u00f3n golpista liderada por una derecha corrupta, genocida y desesperada por recuperar el poder. Sin embargo, lo verdaderamente alarmante no es solo la existencia de estos enemigos, sino que el propio gobierno les est\u00e1 entregando \u2014en bandeja de plata\u2014 la excusa perfecta para justificar sus acciones antidemocr\u00e1ticas. <\/p>\n\n\n\n<p>Esa camarilla criminal, cuyo modus operandi incluye el robo descarado y la manipulaci\u00f3n de las demandas populares, ha logrado reactivar figuras pol\u00edticas irrelevantes como Sandra Torres. Estos actores buscan apropiarse de las reivindicaciones sociales mediante grupos de choque, delincuentes marginales y t\u00e1cticas desestabilizadoras. Su objetivo no es otro que erosionar a\u00fan m\u00e1s la ya debilitada base de apoyo de Bernardo Ar\u00e9valo, quien, con su gesti\u00f3n confusa y err\u00e1tica, les facilita el trabajo. <\/p>\n\n\n\n<p>Cuando vemos a figuras como Sandra Torres y diputados vinculados al narcotr\u00e1fico movilizan a huestes violentas para bloquear calles y sembrar caos, mientras la c\u00fapula del CACIF guarda silencio c\u00f3mplice ni interponer recursos de amparo ante la CC y el Ministerio P\u00fablico permanece inactivo frente a los delitos cometidos, resulta evidente que algo m\u00e1s profundo est\u00e1 en juego. <\/p>\n\n\n\n<p>\u00bfC\u00f3mo interpretar que taxis piratas, conductores sin licencia, motoristas temerarios y transportistas ilegales organicen bloqueos sin que las autoridades intervengan? \u00bfAcaso no es obvio que detr\u00e1s de todo esto se esconde una coordinaci\u00f3n estrat\u00e9gica para deslegitimar al gobierno? <\/p>\n\n\n\n<p>M\u00e1s all\u00e1 de la ret\u00f3rica sobre el seguro de transporte obligatorio, lo que realmente est\u00e1 en juego es el control pol\u00edtico del ejecutivo. Y en estos desmadres, la oposici\u00f3n tiene mucho recorrido, m\u00e1s recursos y ganas que no le faltan. <\/p>\n\n\n\n<p>La implementaci\u00f3n de medidas como la exigencia de licencias y registros de propiedad podr\u00eda estar siendo instrumentalizada por el crimen organizado y narco pol\u00edticos para generar descontento y alimentar protestas. Este sector oscuro de la sociedad guatemalteca sabe que la debilidad institucional es su mejor aliado. <\/p>\n\n\n\n<p>Ya lo hemos dicho hasta la saciedad: el seguro vehicular, aunque importante, no es la soluci\u00f3n m\u00e1gica para enfrentar la pandemia de accidentes de tr\u00e1nsito. Lo sensato ser\u00eda enfocar los esfuerzos en regular a los grandes transportistas y sancionar a quienes incumplen las leyes b\u00e1sicas de tr\u00e1nsito. Sin embargo, el gobierno ha optado por una estrategia equivocada, priorizando medidas impopulares que generan rechazo en lugar de abordar los problemas estructurales. <\/p>\n\n\n\n<p>Esta es, sin duda, una lucha pol\u00edtica, quiera verse o no de esa manera. No tiene nada que ver con cumplir la ley ni defender la democracia; es el inicio de un golpe judicial cuidadosamente orquestado contra una esperanza que muchos ciudadanos depositaron en Bernardo Ar\u00e9valo. <\/p>\n\n\n\n<p>Lamentablemente, este gobernante, pese a ser una alternativa superior a sus predecesores, carece de la entereza y la capacidad necesarias para ejercer el poder con firmeza. En lugar de construir consensos y consolidar su base, ha generado una confrontaci\u00f3n innecesaria que podr\u00eda terminar pavimentando el camino para un golpe de Estado. <\/p>\n\n\n\n<p>El reciente episodio del Colegio de Abogados es un ejemplo claro de la gravedad de la situaci\u00f3n. Cuando la junta directiva saliente acciona junto al \u201cpacto de corruptos\u201d para impedir la posesi\u00f3n de los nuevos representantes electos, estamos hablando de un golpe de Estado en toda regla. <\/p>\n\n\n\n<p>Este tipo de ataques requiere una respuesta jur\u00eddica y pol\u00edtica frontal, decidida y contundente. Sin embargo, el gobierno de Ar\u00e9valo parece haber optado por una postura pasiva que solo alimenta la ambici\u00f3n de sus adversarios. <\/p>\n\n\n\n<p>En conclusi\u00f3n, la err\u00e1tica gesti\u00f3n de Bernardo Ar\u00e9valo no solo est\u00e1 poniendo en peligro su propia administraci\u00f3n, sino tambi\u00e9n las esperanzas de cambio que millones de guatemaltecos depositaron en \u00e9l. Si no se corrigen pronto los errores y se adopta una estrategia clara para enfrentar a los enemigos de la democracia, corremos el riesgo de presenciar c\u00f3mo una oportunidad hist\u00f3rica se desvanece ante nuestros ojos. <\/p>\n\n\n\n<p>La pregunta es: \u00bfest\u00e1 dispuesto el gobierno a asumir este desaf\u00edo o permitir\u00e1 que la historia lo juzgue como otro cap\u00edtulo fallido en nuestra lucha por la democracia?<\/p>\n\n\n\n<hr class=\"wp-block-separator has-alpha-channel-opacity\"\/>\n","protected":false},"excerpt":{"rendered":"<p>No nos enga\u00f1emos: esto no es una lucha jur\u00eddica ni tampoco una defensa de la democracia. Es, simple y llanamente, una lucha pol\u00edtica que el gobierno de Bernardo Ar\u00e9valo y su partido, Semilla, est\u00e1n perdiendo debido a una combinaci\u00f3n de ineptitud, improvisaci\u00f3n y falta de estrategia. El escenario actual es preocupante y parece abrirle paso [&hellip;]<\/p>\n","protected":false},"author":1,"featured_media":802,"comment_status":"closed","ping_status":"closed","sticky":false,"template":"","format":"standard","meta":{"footnotes":""},"categories":[5],"tags":[84,194,196,195],"class_list":["post-801","post","type-post","status-publish","format-standard","has-post-thumbnail","hentry","category-politica","tag-bernardo-arevalo","tag-jsuticia","tag-paro-nacional","tag-seguro"],"_links":{"self":[{"href":"https:\/\/ciidgt.org\/catarsis\/wp-json\/wp\/v2\/posts\/801","targetHints":{"allow":["GET"]}}],"collection":[{"href":"https:\/\/ciidgt.org\/catarsis\/wp-json\/wp\/v2\/posts"}],"about":[{"href":"https:\/\/ciidgt.org\/catarsis\/wp-json\/wp\/v2\/types\/post"}],"author":[{"embeddable":true,"href":"https:\/\/ciidgt.org\/catarsis\/wp-json\/wp\/v2\/users\/1"}],"replies":[{"embeddable":true,"href":"https:\/\/ciidgt.org\/catarsis\/wp-json\/wp\/v2\/comments?post=801"}],"version-history":[{"count":1,"href":"https:\/\/ciidgt.org\/catarsis\/wp-json\/wp\/v2\/posts\/801\/revisions"}],"predecessor-version":[{"id":803,"href":"https:\/\/ciidgt.org\/catarsis\/wp-json\/wp\/v2\/posts\/801\/revisions\/803"}],"wp:featuredmedia":[{"embeddable":true,"href":"https:\/\/ciidgt.org\/catarsis\/wp-json\/wp\/v2\/media\/802"}],"wp:attachment":[{"href":"https:\/\/ciidgt.org\/catarsis\/wp-json\/wp\/v2\/media?parent=801"}],"wp:term":[{"taxonomy":"category","embeddable":true,"href":"https:\/\/ciidgt.org\/catarsis\/wp-json\/wp\/v2\/categories?post=801"},{"taxonomy":"post_tag","embeddable":true,"href":"https:\/\/ciidgt.org\/catarsis\/wp-json\/wp\/v2\/tags?post=801"}],"curies":[{"name":"wp","href":"https:\/\/api.w.org\/{rel}","templated":true}]}}