{"id":805,"date":"2025-04-02T13:19:34","date_gmt":"2025-04-02T13:19:34","guid":{"rendered":"https:\/\/ciidgt.org\/catarsis\/?p=805"},"modified":"2025-04-02T13:19:36","modified_gmt":"2025-04-02T13:19:36","slug":"visa-cancelada-el-inesperado-golpe-contra-oscar-arias","status":"publish","type":"post","link":"https:\/\/ciidgt.org\/catarsis\/visa-cancelada-el-inesperado-golpe-contra-oscar-arias\/","title":{"rendered":"Visa cancelada, el inesperado golpe contra \u00d3scar Arias"},"content":{"rendered":"\n<p>El llamado \u00abpacto de corruptos\u00bb en Guatemala parece haber encontrado un nuevo integrante. Este grupo, compuesto principalmente por pol\u00edticos y funcionarios se\u00f1alados de desfalcar los fondos p\u00fablicos, tiene algo m\u00e1s en com\u00fan, aparte de su afici\u00f3n por la corrupci\u00f3n: muchos de sus miembros tienen prohibido el ingreso a Estados Unidos debido a que aparecen en la lista negra del gobierno estadounidense, lo que implica la cancelaci\u00f3n de sus visas.<\/p>\n\n\n\n<p>Sin embargo, recientemente se ha sumado a este controvertido grupo, un personaje inesperado: el ex presidente de Costa Rica y Premio Nobel de la Paz, \u00d3scar Arias S\u00e1nchez. En los a\u00f1os ochenta, Arias fue un destacado promotor de la paz en Centroam\u00e9rica, gan\u00e1ndose el reconocimiento internacional por sus esfuerzos para pacificar una regi\u00f3n devastada por conflictos armados. Sin embargo, ahora su nombre figura entre los desterrados, diplom\u00e1ticamente hablando, por el Departamento de Estado de EE.UU., seg\u00fan inform\u00f3 un diputado de su propio partido pol\u00edtico.<\/p>\n\n\n\n<p>De acuerdo con esta informaci\u00f3n, Arias recibi\u00f3 un correo electr\u00f3nico en el que se le notificaba la cancelaci\u00f3n de su visa sin mayores explicaciones. Aunque las razones detr\u00e1s de esta decisi\u00f3n no han sido reveladas oficialmente, el hecho llama la atenci\u00f3n sobre los est\u00e1ndares aplicados por Washington para tomar estas medidas. No es la primera vez que un ex mandatario enfrenta tal sanci\u00f3n; en Guatemala, por ejemplo, varios altos funcionarios han sido afectados por esta pol\u00edtica. Algunos de ellos incluso contin\u00faan ejerciendo cargos p\u00fablicos de manera descarada, como es el caso de la fiscal general, quien tambi\u00e9n enfrenta restricciones de viaje, pero por corrupci\u00f3n. <\/p>\n\n\n\n<p>Lo que distingue el caso de Arias de otros involucrados en el \u00abpacto de corruptos\u00bb guatemalteco, es que, hasta ahora, no hay evidencia p\u00fablica de que enfrente procesos judiciales por actos de corrupci\u00f3n. Esto plantea interrogantes sobre los criterios utilizados por el gobierno estadounidense para incluir o excluir nombres de su lista negra. Mientras tanto, el ingreso de Arias a este selecto pero infame grupo deja claro que nadie est\u00e1 exento de ser se\u00f1alado, independientemente de su historial o reconocimientos internacionales.<\/p>\n","protected":false},"excerpt":{"rendered":"<p>El llamado \u00abpacto de corruptos\u00bb en Guatemala parece haber encontrado un nuevo integrante. Este grupo, compuesto principalmente por pol\u00edticos y funcionarios se\u00f1alados de desfalcar los fondos p\u00fablicos, tiene algo m\u00e1s en com\u00fan, aparte de su afici\u00f3n por la corrupci\u00f3n: muchos de sus miembros tienen prohibido el ingreso a Estados Unidos debido a que aparecen en [&hellip;]<\/p>\n","protected":false},"author":1,"featured_media":806,"comment_status":"closed","ping_status":"closed","sticky":false,"template":"","format":"standard","meta":{"footnotes":""},"categories":[99,13,5],"tags":[118,18,197,198],"class_list":["post-805","post","type-post","status-publish","format-standard","has-post-thumbnail","hentry","category-corrupcion","category-internacional","category-politica","tag-corrupcion","tag-eeuu","tag-oscar-arias","tag-premio-nobel-de-la-paz"],"_links":{"self":[{"href":"https:\/\/ciidgt.org\/catarsis\/wp-json\/wp\/v2\/posts\/805","targetHints":{"allow":["GET"]}}],"collection":[{"href":"https:\/\/ciidgt.org\/catarsis\/wp-json\/wp\/v2\/posts"}],"about":[{"href":"https:\/\/ciidgt.org\/catarsis\/wp-json\/wp\/v2\/types\/post"}],"author":[{"embeddable":true,"href":"https:\/\/ciidgt.org\/catarsis\/wp-json\/wp\/v2\/users\/1"}],"replies":[{"embeddable":true,"href":"https:\/\/ciidgt.org\/catarsis\/wp-json\/wp\/v2\/comments?post=805"}],"version-history":[{"count":1,"href":"https:\/\/ciidgt.org\/catarsis\/wp-json\/wp\/v2\/posts\/805\/revisions"}],"predecessor-version":[{"id":807,"href":"https:\/\/ciidgt.org\/catarsis\/wp-json\/wp\/v2\/posts\/805\/revisions\/807"}],"wp:featuredmedia":[{"embeddable":true,"href":"https:\/\/ciidgt.org\/catarsis\/wp-json\/wp\/v2\/media\/806"}],"wp:attachment":[{"href":"https:\/\/ciidgt.org\/catarsis\/wp-json\/wp\/v2\/media?parent=805"}],"wp:term":[{"taxonomy":"category","embeddable":true,"href":"https:\/\/ciidgt.org\/catarsis\/wp-json\/wp\/v2\/categories?post=805"},{"taxonomy":"post_tag","embeddable":true,"href":"https:\/\/ciidgt.org\/catarsis\/wp-json\/wp\/v2\/tags?post=805"}],"curies":[{"name":"wp","href":"https:\/\/api.w.org\/{rel}","templated":true}]}}