{"id":843,"date":"2025-04-12T14:35:27","date_gmt":"2025-04-12T14:35:27","guid":{"rendered":"https:\/\/ciidgt.org\/catarsis\/?p=843"},"modified":"2025-04-12T14:36:31","modified_gmt":"2025-04-12T14:36:31","slug":"vamos-a-besar-traseros-o-no","status":"publish","type":"post","link":"https:\/\/ciidgt.org\/catarsis\/vamos-a-besar-traseros-o-no\/","title":{"rendered":"Vamos a besar traseros, o no."},"content":{"rendered":"\n<p>Mario Rodr\u00edguez Acosta<\/p>\n\n\n\n<p>El presidente Donald Trump, en su b\u00fasqueda por recuperar el protagonismo que Estados Unidos tienen en la esfera comercial y econ\u00f3mica, ha vuelto a centrar la atenci\u00f3n internacional en la lucha comercial. Con su ret\u00f3rica incendiaria, la subida de aranceles a todos los pa\u00edses del mundo, est\u00e1n teniendo implicaciones econ\u00f3micas para todos a todo nivel.<\/p>\n\n\n\n<p>Durante una cena de recaudaci\u00f3n de fondos, afirm\u00f3 que varios pa\u00edses \u2014a los que tild\u00f3 de \u00abaduladores\u00bb\u2014 est\u00e1n intentando negociar acuerdos comerciales con Estados Unidos, dispuestos a hacer \u00abcualquier cosa\u00bb por mejores condiciones.<\/p>\n\n\n\n<p>La volatilidad pol\u00edtica y comercial que genera Trump no es nueva, pero su impacto s\u00ed lo es. Sus palabras, cargadas de arrogancia y un calculado desd\u00e9n \u00abcasi todos est\u00e1n tratando de besar mi trasero\u00bb, reflejan una estrategia clara: aprovechar la dependencia econ\u00f3mica de otras naciones para reafirmar la hegemon\u00eda estadounidense. Sin embargo, detr\u00e1s de la bravata hay consecuencias tangibles: las bolsas de valores reaccionan con nerviosismo, las tasas de inter\u00e9s podr\u00edan dispararse y la sombra de una recesi\u00f3n global se cierne, amenazando incluso a la econom\u00eda m\u00e1s poderosa del mundo.<\/p>\n\n\n\n<p>En este escenario, pa\u00edses como Guatemala \u2014y en general, Centroam\u00e9rica\u2014 enfrentan un dilema existencial. Hist\u00f3ricamente relegados a un papel de enclaves bananeros y proveedores de materias primas, hoy dependen m\u00e1s que nunca del acceso al mercado estadounidense. Pero la negociaci\u00f3n ya no se trata solo de aranceles o cuotas; es un juego de sumisi\u00f3n pol\u00edtica y en la letra peque\u00f1a de la negociaci\u00f3n est\u00e1 la clave, qu\u00e9 dar\u00e1 a cambio Guatemala para mantener, mejorar o reducir los aranceles de acceso.<\/p>\n\n\n\n<p>Lo ir\u00f3nico \u2014y tr\u00e1gico\u2014 es que muchos de los empresarios y grupos de poder que apoyan y respaldan las acciones de la fiscal\u00eda general para frenar y desestabilizar al gobierno de Bernardo Ar\u00e9valo hoy deben recurrir a ese gobierno y tambi\u00e9n a Washington en busca de acuerdos. El pacto de corruptos se ven obligados a interactuar con una administraci\u00f3n que, parad\u00f3jicamente, apoya al gobierno de Ar\u00e9valo e ignora sus peticiones para levantar las sanciones contra ellos.<\/p>\n\n\n\n<p>El gobierno de Ar\u00e9valo, percibido por algunos como d\u00e9bil y condicionado por Estados Unidos, enfrenta un desaf\u00edo monumental: negociar en un tablero geopol\u00edtico donde las reglas las imponen otros. La reciente contrataci\u00f3n de lobistas en Washington por parte de grupos opuestos a su administraci\u00f3n es un recordatorio crudo de hasta qu\u00e9 punto la pol\u00edtica guatemalteca sigue siendo reh\u00e9n de las \u00e9lites corruptas.<\/p>\n\n\n\n<p>Para Guatemala, y especialmente para su poblaci\u00f3n en general, la \u00fanica v\u00eda hacia una verdadera independencia econ\u00f3mica pasa por diversificar sus mercados, fortalecer el mercado interior, cambiar su matriz exportadora, fortalecer su institucionalidad y, sobre todo, romper con la l\u00f3gica corrupta y colonial que la mantiene atada a los caprichos de poderes empresariales y corruptos que en 50 a\u00f1os han demostrado que no generan beneficios para tod@s.<\/p>\n\n\n\n<figure class=\"wp-block-image size-full\"><img loading=\"lazy\" decoding=\"async\" width=\"690\" height=\"621\" src=\"https:\/\/ciidgt.org\/catarsis\/wp-content\/uploads\/2025\/04\/trumpo.png\" alt=\"\" class=\"wp-image-849\" srcset=\"https:\/\/ciidgt.org\/catarsis\/wp-content\/uploads\/2025\/04\/trumpo.png 690w, https:\/\/ciidgt.org\/catarsis\/wp-content\/uploads\/2025\/04\/trumpo-300x270.png 300w\" sizes=\"auto, (max-width: 690px) 100vw, 690px\" \/><\/figure>\n\n\n\n<p>Tomada de Prensa Comunitaria. De Fil\u00f3chofo<\/p>\n","protected":false},"excerpt":{"rendered":"<p>Mario Rodr\u00edguez Acosta El presidente Donald Trump, en su b\u00fasqueda por recuperar el protagonismo que Estados Unidos tienen en la esfera comercial y econ\u00f3mica, ha vuelto a centrar la atenci\u00f3n internacional en la lucha comercial. Con su ret\u00f3rica incendiaria, la subida de aranceles a todos los pa\u00edses del mundo, est\u00e1n teniendo implicaciones econ\u00f3micas para todos [&hellip;]<\/p>\n","protected":false},"author":1,"featured_media":846,"comment_status":"closed","ping_status":"closed","sticky":false,"template":"","format":"standard","meta":{"footnotes":""},"categories":[25,29,10],"tags":[203,207,206,18,116],"class_list":["post-843","post","type-post","status-publish","format-standard","has-post-thumbnail","hentry","category-comercio","category-economia","category-globalizacion","tag-aranceles","tag-camara-del-agro","tag-dependencia","tag-eeuu","tag-trump"],"_links":{"self":[{"href":"https:\/\/ciidgt.org\/catarsis\/wp-json\/wp\/v2\/posts\/843","targetHints":{"allow":["GET"]}}],"collection":[{"href":"https:\/\/ciidgt.org\/catarsis\/wp-json\/wp\/v2\/posts"}],"about":[{"href":"https:\/\/ciidgt.org\/catarsis\/wp-json\/wp\/v2\/types\/post"}],"author":[{"embeddable":true,"href":"https:\/\/ciidgt.org\/catarsis\/wp-json\/wp\/v2\/users\/1"}],"replies":[{"embeddable":true,"href":"https:\/\/ciidgt.org\/catarsis\/wp-json\/wp\/v2\/comments?post=843"}],"version-history":[{"count":3,"href":"https:\/\/ciidgt.org\/catarsis\/wp-json\/wp\/v2\/posts\/843\/revisions"}],"predecessor-version":[{"id":851,"href":"https:\/\/ciidgt.org\/catarsis\/wp-json\/wp\/v2\/posts\/843\/revisions\/851"}],"wp:featuredmedia":[{"embeddable":true,"href":"https:\/\/ciidgt.org\/catarsis\/wp-json\/wp\/v2\/media\/846"}],"wp:attachment":[{"href":"https:\/\/ciidgt.org\/catarsis\/wp-json\/wp\/v2\/media?parent=843"}],"wp:term":[{"taxonomy":"category","embeddable":true,"href":"https:\/\/ciidgt.org\/catarsis\/wp-json\/wp\/v2\/categories?post=843"},{"taxonomy":"post_tag","embeddable":true,"href":"https:\/\/ciidgt.org\/catarsis\/wp-json\/wp\/v2\/tags?post=843"}],"curies":[{"name":"wp","href":"https:\/\/api.w.org\/{rel}","templated":true}]}}