{"id":872,"date":"2025-04-21T13:06:57","date_gmt":"2025-04-21T13:06:57","guid":{"rendered":"https:\/\/ciidgt.org\/catarsis\/?p=872"},"modified":"2025-04-22T13:16:37","modified_gmt":"2025-04-22T13:16:37","slug":"el-papa-francisco-ha-muerto","status":"publish","type":"post","link":"https:\/\/ciidgt.org\/catarsis\/el-papa-francisco-ha-muerto\/","title":{"rendered":"El Papa Francisco ha muerto."},"content":{"rendered":"\n<p><em>Se dice mucho sobre la vida y obra del Papa Francisco, justo ahora que ha partido. Quiz\u00e1s lo que haya que resaltar, desde est\u00e1 columna, sea su persistente llamado a frenar la guerra en Gaza, incluso en su \u00faltimo aliento, siempre abogo por que Israel frenar\u00e1 su campa\u00f1a de genocidio contra los palestinos.<\/em><\/p>\n\n\n\n<p><em>Para la derecha mundial, \u00e9l fue un sacerdote rojo. Para la izquierda un progresista que dej\u00f3 intacto el poder de la instituci\u00f3n y lo que eso conlleva para el poder.<\/em><\/p>\n\n\n\n<p><em>Lo cierto de todo es que el Papa fue el primer  jesuita y el primer latinoamericano en llegar a la c\u00faspide de la iglesia cat\u00f3lica.<\/em><\/p>\n\n\n\n<p><em>Desde este espacio, como no creyente, es oportuno reconocer la lucha por la justicia social de quienes, en vida, han alzado su voz por los oprimidos y en contra de las injusticias y en muchos casos en contra de la propia instituci\u00f3n que representan.<\/em><\/p>\n\n\n\n<p><em>En eso el Papa fue coherente y represent\u00f3 m\u00e1s que nadie su lucha por un mundo mejor. Hoy nos quedamos con que estuvo del lado de los pobres, los oprimidos y los d\u00e9biles, y solo por eso, vale ser recordado como un verdadero cristiano.<\/em><\/p>\n","protected":false},"excerpt":{"rendered":"<p>Se dice mucho sobre la vida y obra del Papa Francisco, justo ahora que ha partido. Quiz\u00e1s lo que haya que resaltar, desde est\u00e1 columna, sea su persistente llamado a frenar la guerra en Gaza, incluso en su \u00faltimo aliento, siempre abogo por que Israel frenar\u00e1 su campa\u00f1a de genocidio contra los palestinos. Para la [&hellip;]<\/p>\n","protected":false},"author":1,"featured_media":873,"comment_status":"closed","ping_status":"closed","sticky":false,"template":"","format":"standard","meta":{"footnotes":""},"categories":[174],"tags":[218,219,216,217],"class_list":["post-872","post","type-post","status-publish","format-standard","has-post-thumbnail","hentry","category-el-relato","tag-iglesia-catolica","tag-papa","tag-papa-francisco","tag-roma"],"_links":{"self":[{"href":"https:\/\/ciidgt.org\/catarsis\/wp-json\/wp\/v2\/posts\/872","targetHints":{"allow":["GET"]}}],"collection":[{"href":"https:\/\/ciidgt.org\/catarsis\/wp-json\/wp\/v2\/posts"}],"about":[{"href":"https:\/\/ciidgt.org\/catarsis\/wp-json\/wp\/v2\/types\/post"}],"author":[{"embeddable":true,"href":"https:\/\/ciidgt.org\/catarsis\/wp-json\/wp\/v2\/users\/1"}],"replies":[{"embeddable":true,"href":"https:\/\/ciidgt.org\/catarsis\/wp-json\/wp\/v2\/comments?post=872"}],"version-history":[{"count":3,"href":"https:\/\/ciidgt.org\/catarsis\/wp-json\/wp\/v2\/posts\/872\/revisions"}],"predecessor-version":[{"id":877,"href":"https:\/\/ciidgt.org\/catarsis\/wp-json\/wp\/v2\/posts\/872\/revisions\/877"}],"wp:featuredmedia":[{"embeddable":true,"href":"https:\/\/ciidgt.org\/catarsis\/wp-json\/wp\/v2\/media\/873"}],"wp:attachment":[{"href":"https:\/\/ciidgt.org\/catarsis\/wp-json\/wp\/v2\/media?parent=872"}],"wp:term":[{"taxonomy":"category","embeddable":true,"href":"https:\/\/ciidgt.org\/catarsis\/wp-json\/wp\/v2\/categories?post=872"},{"taxonomy":"post_tag","embeddable":true,"href":"https:\/\/ciidgt.org\/catarsis\/wp-json\/wp\/v2\/tags?post=872"}],"curies":[{"name":"wp","href":"https:\/\/api.w.org\/{rel}","templated":true}]}}