{"id":910,"date":"2025-08-10T23:43:33","date_gmt":"2025-08-10T23:43:33","guid":{"rendered":"https:\/\/ciidgt.org\/catarsis\/?p=910"},"modified":"2025-08-10T23:43:33","modified_gmt":"2025-08-10T23:43:33","slug":"el-desastre-urbano-y-los-semaforos-inteligentes","status":"publish","type":"post","link":"https:\/\/ciidgt.org\/catarsis\/el-desastre-urbano-y-los-semaforos-inteligentes\/","title":{"rendered":"El desastre urbano y los sem\u00e1foros inteligentes"},"content":{"rendered":"\n<p>Por fin, despu\u00e9s de tanta propaganda, promesas, retrasos y campa\u00f1as publicitarias dignas de ficci\u00f3n barata, la Municipalidad de Guatemala ha puesto en funcionamiento parcialmente los tan cacareados <em>sem\u00e1foros inteligentes<\/em>. Algunos est\u00e1n instalados en arterias claves como Reforma, Pr\u00f3ceres, Petapa y zona 2, parpadeando como faros de esperanza en medio del caos cotidiano que ellos, TuMuni, han provocado.<\/p>\n\n\n\n<p>Seg\u00fan el alcalde, estos dispositivos cuentan con sensores, c\u00e1maras y conexi\u00f3n en red, enlazados a un sistema centralizado que \u201caprende\u201d el comportamiento del tr\u00e1fico, tratando de adaptarse en tiempo real, para obtener una circulaci\u00f3n m\u00e1s fluida, continua y de paso convencernos que vivimos en una ciudad moderna. Pero lo que no puede afirmar, ni confirmar, es que la inteligencia artificial no puede resolver este desastre humano que provoca el transito diario de la ciudad.<\/p>\n\n\n\n<p>La congesti\u00f3n en la Ciudad de Guatemala no es un problema de sem\u00e1foros. Es un s\u00edntoma de d\u00e9cadas de abandono, corrupci\u00f3n y urbanismo de feria barata. La ciudad ha crecido como un tumor, sin planificaci\u00f3n, ni orden, sin mirar hacia adelante, porque han preferido invertir en <em>pantomima urbana,<\/em> c\u00e1maras que no capturan delincuentes, aplicaciones ciudadanas que nadie descarga, pasarelas peatonales que tardan meses en instalarse y pasos a desnivel que solo benefician a los centros comerciales, creando m\u00e1s tr\u00e1fico del habitual. Y, por supuesto, el telef\u00e9rico, esa pantomima disfrazada de innovaci\u00f3n, que huele m\u00e1s a negocio que a soluci\u00f3n.<\/p>\n\n\n\n<p>La verdadera inteligencia no est\u00e1 en los sensores, sino en la capacidad de una ciudad para organizarse. Mientras la ciudad siga creciendo sin rumbo, mientras las autoridades sigan cambiando soluciones por anuncios y mientras los ciudadanos sigamos pagando el costo en tiempo, salud y calidad de vida, <strong>lo m\u00e1s inteligente que podr\u00edan hacer estos sem\u00e1foros ser\u00eda apagarse<\/strong><strong>.<\/strong> Los sem\u00e1foros inteligentes no son malos por ser tecnolog\u00eda. El problema es usarlos como parche para heridas profundas. Sin transparencia, sin planificaci\u00f3n, sin justicia espacial, lo \u201cinteligente\u201d se convierte en otro show tecnol\u00f3gico para justificar gastos p\u00fablicos. Y mientras tanto, el tr\u00e1fico sigue, los ciudadanos pagan el costo, y las ma\u00f1as\u2026 siguen siendo recurrentes.<\/p>\n","protected":false},"excerpt":{"rendered":"<p>Por fin, despu\u00e9s de tanta propaganda, promesas, retrasos y campa\u00f1as publicitarias dignas de ficci\u00f3n barata, la Municipalidad de Guatemala ha puesto en funcionamiento parcialmente los tan cacareados sem\u00e1foros inteligentes. Algunos est\u00e1n instalados en arterias claves como Reforma, Pr\u00f3ceres, Petapa y zona 2, parpadeando como faros de esperanza en medio del caos cotidiano que ellos, TuMuni, [&hellip;]<\/p>\n","protected":false},"author":1,"featured_media":911,"comment_status":"closed","ping_status":"closed","sticky":false,"template":"","format":"standard","meta":{"footnotes":""},"categories":[99,29],"tags":[235,233,232,236,234],"class_list":["post-910","post","type-post","status-publish","format-standard","has-post-thumbnail","hentry","category-corrupcion","category-economia","tag-eficientes","tag-municipalidad","tag-semaforos-inteligentes","tag-trafico","tag-tu-muni"],"_links":{"self":[{"href":"https:\/\/ciidgt.org\/catarsis\/wp-json\/wp\/v2\/posts\/910","targetHints":{"allow":["GET"]}}],"collection":[{"href":"https:\/\/ciidgt.org\/catarsis\/wp-json\/wp\/v2\/posts"}],"about":[{"href":"https:\/\/ciidgt.org\/catarsis\/wp-json\/wp\/v2\/types\/post"}],"author":[{"embeddable":true,"href":"https:\/\/ciidgt.org\/catarsis\/wp-json\/wp\/v2\/users\/1"}],"replies":[{"embeddable":true,"href":"https:\/\/ciidgt.org\/catarsis\/wp-json\/wp\/v2\/comments?post=910"}],"version-history":[{"count":1,"href":"https:\/\/ciidgt.org\/catarsis\/wp-json\/wp\/v2\/posts\/910\/revisions"}],"predecessor-version":[{"id":912,"href":"https:\/\/ciidgt.org\/catarsis\/wp-json\/wp\/v2\/posts\/910\/revisions\/912"}],"wp:featuredmedia":[{"embeddable":true,"href":"https:\/\/ciidgt.org\/catarsis\/wp-json\/wp\/v2\/media\/911"}],"wp:attachment":[{"href":"https:\/\/ciidgt.org\/catarsis\/wp-json\/wp\/v2\/media?parent=910"}],"wp:term":[{"taxonomy":"category","embeddable":true,"href":"https:\/\/ciidgt.org\/catarsis\/wp-json\/wp\/v2\/categories?post=910"},{"taxonomy":"post_tag","embeddable":true,"href":"https:\/\/ciidgt.org\/catarsis\/wp-json\/wp\/v2\/tags?post=910"}],"curies":[{"name":"wp","href":"https:\/\/api.w.org\/{rel}","templated":true}]}}